{"id":1334,"date":"2014-06-16T08:51:15","date_gmt":"2014-06-16T07:51:15","guid":{"rendered":"http:\/\/www.tsv-auerbach-fussball.de\/?p=1334"},"modified":"2014-06-16T08:51:15","modified_gmt":"2014-06-16T07:51:15","slug":"erfolgreiche-saison-des-neu-gegrundeten-jfv","status":"publish","type":"post","link":"https:\/\/tsv-auerbach.org\/fussball\/2014\/06\/16\/erfolgreiche-saison-des-neu-gegrundeten-jfv\/","title":{"rendered":"Erfolgreiche Saison des neu gegr\u00fcndeten JFV"},"content":{"rendered":"<p><!--[if gte mso 9]&gt;--><\/p>\n<p>  Normal<br \/>\n  0<br \/>\n  21<\/p>\n<p>  MicrosoftInternetExplorer4<\/p>\n<p><!--[if gte mso 10]&gt;--><\/p>\n<p> \/* Style Definitions *\/<br \/>\n table.MsoNormalTable<br \/>\n\t{mso-style-name:&#8220;Normale Tabelle&#8220;;<br \/>\n\tmso-tstyle-rowband-size:0;<br \/>\n\tmso-tstyle-colband-size:0;<br \/>\n\tmso-style-noshow:yes;<br \/>\n\tmso-style-parent:&#8220;&#8220;;<br \/>\n\tmso-padding-alt:0cm 5.4pt 0cm 5.4pt;<br \/>\n\tmso-para-margin:0cm;<br \/>\n\tmso-para-margin-bottom:.0001pt;<br \/>\n\tmso-pagination:widow-orphan;<br \/>\n\tfont-size:10.0pt;<br \/>\n\tfont-family:&#8220;Times New Roman&#8220;;}<\/p>\n<p class=\"MsoNormal\" style=\"margin-bottom: 10.0pt;line-height: 115%\"><b><span style=\"font-size: 16.0pt;line-height: 115%\">Neu gegr\u00fcndeter Juniorenf\u00f6rderverein Alsbach\/Auerbach beendet erfolgreich seine erste Saison<\/span><\/b><\/p>\n<p class=\"MsoNormal\" style=\"margin-bottom: 10.0pt;line-height: 115%\"><span style=\"font-size: 12.0pt;line-height: 115%\">In der abgelaufenen Saison 2013\/2014 war der im letzten Jahr gegr\u00fcndete Juniorenf\u00f6rderverein JFV Alsbach\/Auerbach 2013 e.V. in allen drei gemeldeten Jugendklassen erfolgreich.<\/span><\/p>\n<p class=\"MsoNormal\" style=\"margin-bottom: 10.0pt;line-height: 115%\"><span style=\"font-size: 12.0pt;line-height: 115%\">Bei den C-Junioren wurde der dritte Platz in der Gruppenliga Darmstadt erreicht und in dieser Woche in der Relegation um den Aufstieg in die Hessenliga, gegen KSV Hessen-Kassel, gespielt.<\/span><\/p>\n<p class=\"MsoNormal\" style=\"margin-bottom: 10.0pt;line-height: 115%\"><span style=\"font-size: 12.0pt;line-height: 115%\">Die B-Junioren erreichten den sechsten Platz der Gruppenliga Darmstadt, was nach anf\u00e4nglichen Schwierigkeiten ebenfalls als Erfolg zu werten ist.<\/span><\/p>\n<p class=\"MsoNormal\" style=\"margin-bottom: 10.0pt;line-height: 115%\"><span style=\"font-size: 12.0pt;line-height: 115%\">Die A-Junioren wurden Meister der Kreisliga Darmstadt und steigen somit in die Gruppenliga auf. Weiterhin wurden sie<span>\u00a0 <\/span>A-Jugend Kreispokalsieger des Kreises Darmstadt. Im Endspiel konnte sogar der Tabellenf\u00fchrer der Gruppenliga geschlagen werden.<\/span><\/p>\n<p class=\"MsoNormal\" style=\"margin-bottom: 10.0pt;line-height: 115%\"><span style=\"font-size: 12.0pt;line-height: 115%\">Das Konzept, zwei im Jugendbereich erfolgreich t\u00e4tige Vereine zusammen zu f\u00fchren, um das Potential und die Kr\u00e4fte zu b\u00fcndeln, damit leistungsorientierter Fu\u00dfball gespielt werden kann, geht auf.<\/span><\/p>\n<p class=\"MsoNormal\" style=\"margin-bottom: 10.0pt;line-height: 115%\"><span style=\"font-size: 12.0pt;line-height: 115%\">Es wird besonders auf die Eignung gut qualifizierter Trainer geachtet. In der kommenden Saison wird der \u00fcber den Kreis bekannte A-Lizenz Inhaber Walter Laue die A-Junioren \u00fcbernehmen, da der bisherige Coach Arne Horst aus privaten Gr\u00fcnden etwas k\u00fcrzer treten m\u00f6chte. Die B1- Junioren werden vom B-Lizenz Inhaber Julian Kreienhoop trainiert, der bisher sehr erfolgreich in Norddeutschland, bei der Starkenburgia Heppenheim und SV Darmstadt 98 t\u00e4tig war. Ihm steht als Co-Trainer der erfahrene Walter Richter zur Seite. Die B2- Junioren werden von den bekannten und noch selbst aktiven Lizenzinhabern Sebastian Hess und Dominik Melzer trainiert. F\u00fcr die C1-Jugend konnte Florian Fr\u00f6hlich gewonnen werden, der bisher sehr gute Jugendarbeit bei der Starkenburgia Heppnheim leistete.<\/span><\/p>\n<p class=\"MsoNormal\" style=\"margin-bottom: 10.0pt;line-height: 115%\"><span style=\"font-size: 12.0pt;line-height: 115%\">Ziel in der kommenden Saison ist es, sich weiterhin mit allen Mannschaften in der Gruppenliga zu etablieren und sich gegebenenfalls f\u00fcr die Verbandsliga zu qualifizieren, die in der Spielzeit 2015\/2016 neu gegr\u00fcndet wird.<\/span><\/p>\n<p class=\"MsoNormal\" style=\"margin-bottom: 10.0pt;line-height: 115%\">Torsten Koniezka<\/p>\n","protected":false},"excerpt":{"rendered":"<p>Normal 0 21 MicrosoftInternetExplorer4 \/* Style Definitions *\/ table.MsoNormalTable {mso-style-name:&#8220;Normale Tabelle&#8220;; mso-tstyle-rowband-size:0; mso-tstyle-colband-size:0; mso-style-noshow:yes; mso-style-parent:&#8220;&#8220;; mso-padding-alt:0cm 5.4pt 0cm 5.4pt; mso-para-margin:0cm; mso-para-margin-bottom:.0001pt; mso-pagination:widow-orphan; font-size:10.0pt; font-family:&#8220;Times New Roman&#8220;;} Neu gegr\u00fcndeter Juniorenf\u00f6rderverein Alsbach\/Auerbach beendet erfolgreich seine erste Saison In der abgelaufenen Saison 2013\/2014 war der im letzten Jahr gegr\u00fcndete Juniorenf\u00f6rderverein JFV Alsbach\/Auerbach 2013 e.V. in allen drei gemeldeten &hellip; <\/p>\n<p><a class=\"more-link btn\" href=\"https:\/\/tsv-auerbach.org\/fussball\/2014\/06\/16\/erfolgreiche-saison-des-neu-gegrundeten-jfv\/\">Weiterlesen<\/a><\/p>\n","protected":false},"author":9,"featured_media":0,"comment_status":"open","ping_status":"open","sticky":false,"template":"","format":"standard","meta":{"footnotes":""},"categories":[25],"tags":[],"class_list":["post-1334","post","type-post","status-publish","format-standard","hentry","category-juniorenforderverein","nodate","item-wrap"],"_links":{"self":[{"href":"https:\/\/tsv-auerbach.org\/fussball\/wp-json\/wp\/v2\/posts\/1334","targetHints":{"allow":["GET"]}}],"collection":[{"href":"https:\/\/tsv-auerbach.org\/fussball\/wp-json\/wp\/v2\/posts"}],"about":[{"href":"https:\/\/tsv-auerbach.org\/fussball\/wp-json\/wp\/v2\/types\/post"}],"author":[{"embeddable":true,"href":"https:\/\/tsv-auerbach.org\/fussball\/wp-json\/wp\/v2\/users\/9"}],"replies":[{"embeddable":true,"href":"https:\/\/tsv-auerbach.org\/fussball\/wp-json\/wp\/v2\/comments?post=1334"}],"version-history":[{"count":0,"href":"https:\/\/tsv-auerbach.org\/fussball\/wp-json\/wp\/v2\/posts\/1334\/revisions"}],"wp:attachment":[{"href":"https:\/\/tsv-auerbach.org\/fussball\/wp-json\/wp\/v2\/media?parent=1334"}],"wp:term":[{"taxonomy":"category","embeddable":true,"href":"https:\/\/tsv-auerbach.org\/fussball\/wp-json\/wp\/v2\/categories?post=1334"},{"taxonomy":"post_tag","embeddable":true,"href":"https:\/\/tsv-auerbach.org\/fussball\/wp-json\/wp\/v2\/tags?post=1334"}],"curies":[{"name":"wp","href":"https:\/\/api.w.org\/{rel}","templated":true}]}}