{"id":1475,"date":"2014-10-31T17:24:24","date_gmt":"2014-10-31T16:24:24","guid":{"rendered":"http:\/\/www.tsv-auerbach-fussball.de\/?p=1475"},"modified":"2014-10-31T17:24:24","modified_gmt":"2014-10-31T16:24:24","slug":"feriencamp-im-weiherhausstadion-mit-dem-sv-darmstadt-98","status":"publish","type":"post","link":"https:\/\/tsv-auerbach.org\/fussball\/2014\/10\/31\/feriencamp-im-weiherhausstadion-mit-dem-sv-darmstadt-98\/","title":{"rendered":"Feriencamp im Weiherhausstadion mit dem SV Darmstadt 98"},"content":{"rendered":"<p><span style=\"font-family: sans-serif;font-size: small\">In den Herbstferien absolvierten insgesamt 64 Kinder unter der Leitung erfahrener Fu\u00dfballtrainer des SV Darmstadt 98 ein Fu\u00dfballcamp auf dem Gel\u00e4nde der TSV Auerbach.<\/span><br \/>\n<span style=\"font-family: sans-serif;font-size: small\"> Vier Tage standen ganz im Zeichen des SV Darmstadt 98. Unter anderem wurde das DFB Fu\u00dfball Abzeichen absolviert und am Donnerstag gab es Besuch aus dem Profikader, <\/span><br \/>\n<span style=\"font-family: sans-serif;font-size: small\">so dass die Kinder zahlreiche Fragen rund um den SV Darmstadt 98 stellten konnten. Insgesamt eine gelungene Veranstaltung, die in 2015 wiederholt werden wird. <\/span><br \/>\n<a href=\"http:\/\/www.tsv-auerbach-fussball.de\/wordpress\/wp-content\/uploads\/2014\/10\/Camp_SVD98_2014.jpg\" data-rel=\"lightbox-image-0\" data-rl_title=\"\" data-rl_caption=\"\" title=\"\"><img loading=\"lazy\" decoding=\"async\" class=\"alignnone size-medium wp-image-1476\" alt=\"Camp_SVD98_2014\" src=\"http:\/\/www.tsv-auerbach-fussball.de\/wordpress\/wp-content\/uploads\/2014\/10\/Camp_SVD98_2014-300x199.jpg\" width=\"300\" height=\"199\" srcset=\"https:\/\/tsv-auerbach.org\/fussball\/wp-content\/uploads\/sites\/10\/2014\/10\/Camp_SVD98_2014-300x199.jpg 300w, https:\/\/tsv-auerbach.org\/fussball\/wp-content\/uploads\/sites\/10\/2014\/10\/Camp_SVD98_2014-768x510.jpg 768w, https:\/\/tsv-auerbach.org\/fussball\/wp-content\/uploads\/sites\/10\/2014\/10\/Camp_SVD98_2014.jpg 1024w\" sizes=\"auto, (max-width: 300px) 100vw, 300px\" \/><\/a><\/p>\n","protected":false},"excerpt":{"rendered":"<p>In den Herbstferien absolvierten insgesamt 64 Kinder unter der Leitung erfahrener Fu\u00dfballtrainer des SV Darmstadt 98 ein Fu\u00dfballcamp auf dem Gel\u00e4nde der TSV Auerbach. Vier Tage standen ganz im Zeichen des SV Darmstadt 98. Unter anderem wurde das DFB Fu\u00dfball Abzeichen absolviert und am Donnerstag gab es Besuch aus dem Profikader, so dass die Kinder &hellip; <\/p>\n<p><a class=\"more-link btn\" href=\"https:\/\/tsv-auerbach.org\/fussball\/2014\/10\/31\/feriencamp-im-weiherhausstadion-mit-dem-sv-darmstadt-98\/\">Weiterlesen<\/a><\/p>\n","protected":false},"author":9,"featured_media":0,"comment_status":"open","ping_status":"open","sticky":false,"template":"","format":"standard","meta":{"footnotes":""},"categories":[25],"tags":[],"class_list":["post-1475","post","type-post","status-publish","format-standard","hentry","category-juniorenforderverein","nodate","item-wrap"],"_links":{"self":[{"href":"https:\/\/tsv-auerbach.org\/fussball\/wp-json\/wp\/v2\/posts\/1475","targetHints":{"allow":["GET"]}}],"collection":[{"href":"https:\/\/tsv-auerbach.org\/fussball\/wp-json\/wp\/v2\/posts"}],"about":[{"href":"https:\/\/tsv-auerbach.org\/fussball\/wp-json\/wp\/v2\/types\/post"}],"author":[{"embeddable":true,"href":"https:\/\/tsv-auerbach.org\/fussball\/wp-json\/wp\/v2\/users\/9"}],"replies":[{"embeddable":true,"href":"https:\/\/tsv-auerbach.org\/fussball\/wp-json\/wp\/v2\/comments?post=1475"}],"version-history":[{"count":0,"href":"https:\/\/tsv-auerbach.org\/fussball\/wp-json\/wp\/v2\/posts\/1475\/revisions"}],"wp:attachment":[{"href":"https:\/\/tsv-auerbach.org\/fussball\/wp-json\/wp\/v2\/media?parent=1475"}],"wp:term":[{"taxonomy":"category","embeddable":true,"href":"https:\/\/tsv-auerbach.org\/fussball\/wp-json\/wp\/v2\/categories?post=1475"},{"taxonomy":"post_tag","embeddable":true,"href":"https:\/\/tsv-auerbach.org\/fussball\/wp-json\/wp\/v2\/tags?post=1475"}],"curies":[{"name":"wp","href":"https:\/\/api.w.org\/{rel}","templated":true}]}}