{"id":1508,"date":"2015-01-02T11:34:29","date_gmt":"2015-01-02T10:34:29","guid":{"rendered":"http:\/\/www.tsv-auerbach-fussball.de\/?p=1508"},"modified":"2015-01-02T11:34:29","modified_gmt":"2015-01-02T10:34:29","slug":"spendenaktion-fur-tobias-bauer","status":"publish","type":"post","link":"https:\/\/tsv-auerbach.org\/fussball\/2015\/01\/02\/spendenaktion-fur-tobias-bauer\/","title":{"rendered":"Spendenaktion f\u00fcr Tobias Bauer"},"content":{"rendered":"<p>kurz vor Weihnachten ist ein Trainer aus B\u00fcrstadt an seinem 29. Geburtstag in B\u00fcrstadt t\u00f6dlich verungl\u00fcckt.<\/p>\n<p>Ufuk Mengi hatte die Idee eine Spendenaktion zu starten die bei der Hallenstadtmeisterschaft durchgef\u00fchrt wurde.<\/p>\n<p>Es kam ein Betrag von 367,55 zusamnen, der inzwischen auf ein Spendenkonto \u00fcberwiesen wurde.<\/p>\n<p>Vielen Dank an alle, die sich beteiligt haben.<\/p>\n<p>http:\/\/www.buerstaedter-zeitung.de\/lokales\/buerstadt\/junges-familienglueck-zerstoert_14860616.htm<\/p>\n","protected":false},"excerpt":{"rendered":"<p>kurz vor Weihnachten ist ein Trainer aus B\u00fcrstadt an seinem 29. Geburtstag in B\u00fcrstadt t\u00f6dlich verungl\u00fcckt. Ufuk Mengi hatte die Idee eine Spendenaktion zu starten die bei der Hallenstadtmeisterschaft durchgef\u00fchrt wurde. Es kam ein Betrag von 367,55 zusamnen, der inzwischen auf ein Spendenkonto \u00fcberwiesen wurde. Vielen Dank an alle, die sich beteiligt haben. http:\/\/www.buerstaedter-zeitung.de\/lokales\/buerstadt\/junges-familienglueck-zerstoert_14860616.htm<\/p>\n","protected":false},"author":9,"featured_media":0,"comment_status":"open","ping_status":"open","sticky":false,"template":"","format":"standard","meta":{"footnotes":""},"categories":[1],"tags":[],"class_list":["post-1508","post","type-post","status-publish","format-standard","hentry","category-allgemein","nodate","item-wrap"],"_links":{"self":[{"href":"https:\/\/tsv-auerbach.org\/fussball\/wp-json\/wp\/v2\/posts\/1508","targetHints":{"allow":["GET"]}}],"collection":[{"href":"https:\/\/tsv-auerbach.org\/fussball\/wp-json\/wp\/v2\/posts"}],"about":[{"href":"https:\/\/tsv-auerbach.org\/fussball\/wp-json\/wp\/v2\/types\/post"}],"author":[{"embeddable":true,"href":"https:\/\/tsv-auerbach.org\/fussball\/wp-json\/wp\/v2\/users\/9"}],"replies":[{"embeddable":true,"href":"https:\/\/tsv-auerbach.org\/fussball\/wp-json\/wp\/v2\/comments?post=1508"}],"version-history":[{"count":0,"href":"https:\/\/tsv-auerbach.org\/fussball\/wp-json\/wp\/v2\/posts\/1508\/revisions"}],"wp:attachment":[{"href":"https:\/\/tsv-auerbach.org\/fussball\/wp-json\/wp\/v2\/media?parent=1508"}],"wp:term":[{"taxonomy":"category","embeddable":true,"href":"https:\/\/tsv-auerbach.org\/fussball\/wp-json\/wp\/v2\/categories?post=1508"},{"taxonomy":"post_tag","embeddable":true,"href":"https:\/\/tsv-auerbach.org\/fussball\/wp-json\/wp\/v2\/tags?post=1508"}],"curies":[{"name":"wp","href":"https:\/\/api.w.org\/{rel}","templated":true}]}}