{"id":1783,"date":"2015-11-24T19:04:47","date_gmt":"2015-11-24T18:04:47","guid":{"rendered":"http:\/\/www.tsv-auerbach-fussball.de\/?p=1783"},"modified":"2015-11-24T19:04:47","modified_gmt":"2015-11-24T18:04:47","slug":"fussballcamps-des-sv-darmstadt-98","status":"publish","type":"post","link":"https:\/\/tsv-auerbach.org\/fussball\/2015\/11\/24\/fussballcamps-des-sv-darmstadt-98\/","title":{"rendered":"Fu\u00dfballcamps des SV Darmstadt 98"},"content":{"rendered":"<p>Auch im Jahr 2016 bietet der SV Darmstadt 98 f\u00fcr junge Kicker wieder Fu\u00dfballcamps in der Region an.<\/p>\n<p>Vom 17.10. &#8211; 21.10.2016 ist der JFV Alsbach\/Auerbach hierbei erneut &#8222;Gastgeber&#8220; des beliebten Herbstcamps.<\/p>\n<p>Weitere Termine, Informationen und die Anmeldungen findet ihr unter<\/p>\n<p><a href=\"http:\/\/www.sv98.de\/home\/lilien\/merck-lilien-fussballcamps\/\" target=\"_blank\" rel=\"noopener noreferrer\">http:\/\/www.sv98.de\/home\/lilien\/merck-lilien-fussballcamps<\/a><\/p>\n","protected":false},"excerpt":{"rendered":"<p>Auch im Jahr 2016 bietet der SV Darmstadt 98 f\u00fcr junge Kicker wieder Fu\u00dfballcamps in der Region an. Vom 17.10. &#8211; 21.10.2016 ist der JFV Alsbach\/Auerbach hierbei erneut &#8222;Gastgeber&#8220; des beliebten Herbstcamps. Weitere Termine, Informationen und die Anmeldungen findet ihr unter http:\/\/www.sv98.de\/home\/lilien\/merck-lilien-fussballcamps<\/p>\n","protected":false},"author":11,"featured_media":0,"comment_status":"open","ping_status":"open","sticky":false,"template":"","format":"standard","meta":{"footnotes":""},"categories":[25],"tags":[],"class_list":["post-1783","post","type-post","status-publish","format-standard","hentry","category-juniorenforderverein","nodate","item-wrap"],"_links":{"self":[{"href":"https:\/\/tsv-auerbach.org\/fussball\/wp-json\/wp\/v2\/posts\/1783","targetHints":{"allow":["GET"]}}],"collection":[{"href":"https:\/\/tsv-auerbach.org\/fussball\/wp-json\/wp\/v2\/posts"}],"about":[{"href":"https:\/\/tsv-auerbach.org\/fussball\/wp-json\/wp\/v2\/types\/post"}],"author":[{"embeddable":true,"href":"https:\/\/tsv-auerbach.org\/fussball\/wp-json\/wp\/v2\/users\/11"}],"replies":[{"embeddable":true,"href":"https:\/\/tsv-auerbach.org\/fussball\/wp-json\/wp\/v2\/comments?post=1783"}],"version-history":[{"count":0,"href":"https:\/\/tsv-auerbach.org\/fussball\/wp-json\/wp\/v2\/posts\/1783\/revisions"}],"wp:attachment":[{"href":"https:\/\/tsv-auerbach.org\/fussball\/wp-json\/wp\/v2\/media?parent=1783"}],"wp:term":[{"taxonomy":"category","embeddable":true,"href":"https:\/\/tsv-auerbach.org\/fussball\/wp-json\/wp\/v2\/categories?post=1783"},{"taxonomy":"post_tag","embeddable":true,"href":"https:\/\/tsv-auerbach.org\/fussball\/wp-json\/wp\/v2\/tags?post=1783"}],"curies":[{"name":"wp","href":"https:\/\/api.w.org\/{rel}","templated":true}]}}