{"id":2044,"date":"2016-03-24T16:44:33","date_gmt":"2016-03-24T15:44:33","guid":{"rendered":"http:\/\/www.tsv-auerbach-fussball.de\/?p=2044"},"modified":"2016-03-24T16:44:33","modified_gmt":"2016-03-24T15:44:33","slug":"frank-sewald-mitglied-des-jahres","status":"publish","type":"post","link":"https:\/\/tsv-auerbach.org\/fussball\/2016\/03\/24\/frank-sewald-mitglied-des-jahres\/","title":{"rendered":"Frank Sewald Mitglied des Jahres"},"content":{"rendered":"<p>Auf der Jahreshauptversammlung des TSV Gesamtvereins wurde unser Abteilungsleiter\u00a0 Frank Sewald zum Mitglied des Jahres ernannt.<\/p>\n<p>Viel Arbeit bringt dieses Amt mit sich. Neben den vielen Sitzungen sind weitere Veranstaltungen oder Turniere zu organisieren. Frank ist immer an vorderster Front dabei. Die Fu\u00dfballabteilung ist die zweitgr\u00f6\u00dfte Abteilung in der TSV. Dass die Abteilung gut organisiert ist und alles gut klappt ist mit ein Verdienst von Frank. Wer so ein umfangreiches Amt aus\u00fcbt, braucht daf\u00fcr eine verst\u00e4ndnisvolle Familie. Die Fu\u00dfballabteilung bedankte sich bei Beate Sewald mit einem Blumenstrau\u00df. Sie muss an einigen Abenden auf Ihrem Mann verzichten, wenn er f\u00fcr die Abteilung unterwegs ist.<\/p>\n<p><a href=\"http:\/\/www.tsv-auerbach-fussball.de\/wordpress\/wp-content\/uploads\/2016\/03\/JHV_TSV_2016.jpg\" rel=\"attachment wp-att-2045\" data-rel=\"lightbox-image-0\" data-rl_title=\"\" data-rl_caption=\"\" title=\"\"><img loading=\"lazy\" decoding=\"async\" class=\"alignright size-medium wp-image-2045\" src=\"http:\/\/www.tsv-auerbach-fussball.de\/wordpress\/wp-content\/uploads\/2016\/03\/JHV_TSV_2016-300x200.jpg\" alt=\"JHV_TSV_2016\" width=\"300\" height=\"200\" srcset=\"https:\/\/tsv-auerbach.org\/fussball\/wp-content\/uploads\/sites\/10\/2016\/03\/JHV_TSV_2016-300x200.jpg 300w, https:\/\/tsv-auerbach.org\/fussball\/wp-content\/uploads\/sites\/10\/2016\/03\/JHV_TSV_2016-768x512.jpg 768w, https:\/\/tsv-auerbach.org\/fussball\/wp-content\/uploads\/sites\/10\/2016\/03\/JHV_TSV_2016.jpg 1024w\" sizes=\"auto, (max-width: 300px) 100vw, 300px\" \/><\/a> <a href=\"http:\/\/www.tsv-auerbach-fussball.de\/wordpress\/wp-content\/uploads\/2016\/03\/JHV_TSV_Sewald.jpg\" rel=\"attachment wp-att-2046\" data-rel=\"lightbox-image-1\" data-rl_title=\"\" data-rl_caption=\"\" title=\"\"><img loading=\"lazy\" decoding=\"async\" class=\"alignright size-medium wp-image-2046\" src=\"http:\/\/www.tsv-auerbach-fussball.de\/wordpress\/wp-content\/uploads\/2016\/03\/JHV_TSV_Sewald-300x200.jpg\" alt=\"JHV_TSV_Sewald\" width=\"300\" height=\"200\" srcset=\"https:\/\/tsv-auerbach.org\/fussball\/wp-content\/uploads\/sites\/10\/2016\/03\/JHV_TSV_Sewald-300x200.jpg 300w, https:\/\/tsv-auerbach.org\/fussball\/wp-content\/uploads\/sites\/10\/2016\/03\/JHV_TSV_Sewald-768x511.jpg 768w, https:\/\/tsv-auerbach.org\/fussball\/wp-content\/uploads\/sites\/10\/2016\/03\/JHV_TSV_Sewald.jpg 1024w\" sizes=\"auto, (max-width: 300px) 100vw, 300px\" \/><\/a><\/p>\n<p>&nbsp;<\/p>\n<p>&nbsp;<\/p>\n<p>&nbsp;<\/p>\n<p>&nbsp;<\/p>\n<p>&nbsp;<\/p>\n<p>&nbsp;<\/p>\n<p>&nbsp;<\/p>\n<p>Frank Sewald zusammen mit seiner Frau Beate. Rechts Vizepr\u00e4sident Rolf Schulz, links stellv. Abteilungsleiter Bernd L\u00fctzkendorf<\/p>\n","protected":false},"excerpt":{"rendered":"<p>Auf der Jahreshauptversammlung des TSV Gesamtvereins wurde unser Abteilungsleiter\u00a0 Frank Sewald zum Mitglied des Jahres ernannt. Viel Arbeit bringt dieses Amt mit sich. Neben den vielen Sitzungen sind weitere Veranstaltungen oder Turniere zu organisieren. Frank ist immer an vorderster Front dabei. Die Fu\u00dfballabteilung ist die zweitgr\u00f6\u00dfte Abteilung in der TSV. Dass die Abteilung gut organisiert &hellip; <\/p>\n<p><a class=\"more-link btn\" href=\"https:\/\/tsv-auerbach.org\/fussball\/2016\/03\/24\/frank-sewald-mitglied-des-jahres\/\">Weiterlesen<\/a><\/p>\n","protected":false},"author":9,"featured_media":0,"comment_status":"open","ping_status":"open","sticky":false,"template":"","format":"standard","meta":{"footnotes":""},"categories":[1],"tags":[],"class_list":["post-2044","post","type-post","status-publish","format-standard","hentry","category-allgemein","nodate","item-wrap"],"_links":{"self":[{"href":"https:\/\/tsv-auerbach.org\/fussball\/wp-json\/wp\/v2\/posts\/2044","targetHints":{"allow":["GET"]}}],"collection":[{"href":"https:\/\/tsv-auerbach.org\/fussball\/wp-json\/wp\/v2\/posts"}],"about":[{"href":"https:\/\/tsv-auerbach.org\/fussball\/wp-json\/wp\/v2\/types\/post"}],"author":[{"embeddable":true,"href":"https:\/\/tsv-auerbach.org\/fussball\/wp-json\/wp\/v2\/users\/9"}],"replies":[{"embeddable":true,"href":"https:\/\/tsv-auerbach.org\/fussball\/wp-json\/wp\/v2\/comments?post=2044"}],"version-history":[{"count":0,"href":"https:\/\/tsv-auerbach.org\/fussball\/wp-json\/wp\/v2\/posts\/2044\/revisions"}],"wp:attachment":[{"href":"https:\/\/tsv-auerbach.org\/fussball\/wp-json\/wp\/v2\/media?parent=2044"}],"wp:term":[{"taxonomy":"category","embeddable":true,"href":"https:\/\/tsv-auerbach.org\/fussball\/wp-json\/wp\/v2\/categories?post=2044"},{"taxonomy":"post_tag","embeddable":true,"href":"https:\/\/tsv-auerbach.org\/fussball\/wp-json\/wp\/v2\/tags?post=2044"}],"curies":[{"name":"wp","href":"https:\/\/api.w.org\/{rel}","templated":true}]}}