{"id":2101,"date":"2016-05-09T07:23:36","date_gmt":"2016-05-09T06:23:36","guid":{"rendered":"http:\/\/www.tsv-auerbach-fussball.de\/?p=2101"},"modified":"2016-05-09T07:23:36","modified_gmt":"2016-05-09T06:23:36","slug":"pokalsieg-der-c-jugend-des-jfv-alsbach-auerbach","status":"publish","type":"post","link":"https:\/\/tsv-auerbach.org\/fussball\/2016\/05\/09\/pokalsieg-der-c-jugend-des-jfv-alsbach-auerbach\/","title":{"rendered":"Pokalsieg der C Jugend des JFV Alsbach Auerbach !"},"content":{"rendered":"<p>Die C Jugend des JFV gewinnt am 1. Mai verdient das Kreispokalfinale mit 3:0 gegen Stgb Heppenheim. Die Mannschaft dominierte von Anfang an das Finale und war das klar bessere Team. Am Ende stand ein nie gef\u00e4hrdeter Sieg.<\/p>\n<p>Nachdem sich zu Beginn der Saison, die neu formierte Mannschaft zuerst einmal in der Gruppenliga zurecht finden musste, steigerte sie sich im Verlauf der Runde mehr und mehr. Mit dem Pokalsieg und der damit verbundenen Teilnahme am Regionalpokal belohnt sich das Team f\u00fcr eine zuletzt sehr gute R\u00fcckrunde. Damit schlie\u00dft die C Jugend die Erfolgsstory des JFV im Kreispokal ab. Im Dezember hatte sich das B Jugend Team bereits den Kreispokal gegen das Team der Stgb Heppenheim mit einem souver\u00e4nen 2:0 geholt. Im Regionalpokal wurde dann zun\u00e4chst der SV Darmstadt 98 geschlagen, um dann im Halbfinale ungl\u00fccklich in der Verl\u00e4ngerung 2:1 dem Hessenligist RW Walldorf zu unterliegen.<\/p>\n<p>Die A Jugend erreicht ebenfalls das Kreispokalfinale und unterlag mit 0:2 dem sp\u00e4teren Regionalpokalfinalisten FC07 Bensheim. Die erfolgreiche Teilnahme an den Pokalwettbewerben k\u00f6nnte mit den Aufstiegen in der A und auch in der B Jugend in die Verbandsliga komplettiert werden. Beide Teams sind derzeit Tabellenf\u00fchrer in der Gruppenliga.<\/p>\n<p>&nbsp;<\/p>\n<p>&nbsp;<\/p>\n<p>&nbsp;<\/p>\n<p>Beim JFV spielten mit: Brentano &#8211; Linus \u00d6hmichen, Niklas \u00d6hmichen, Koch, Cr\u00f6ssmann, Ekinci, Yacoub, Terhart, Benavides, Achyridis, Gomez; eingewechselt: Behrens, Bayer, H\u00f6gy, Spiecker. &#8211; Trainer: Alexander Behrendt.<\/p>\n<p>&nbsp;<\/p>\n<p><a href=\"http:\/\/www.tsv-auerbach-fussball.de\/wordpress\/wp-content\/uploads\/2016\/05\/IBM-Notes-Fwd-Bilder_2016-05-09_08-19-42.jpg\" data-rel=\"lightbox-image-0\" data-rl_title=\"\" data-rl_caption=\"\" title=\"\"><img loading=\"lazy\" decoding=\"async\" class=\"alignleft size-thumbnail wp-image-2102\" src=\"http:\/\/www.tsv-auerbach-fussball.de\/wordpress\/wp-content\/uploads\/2016\/05\/IBM-Notes-Fwd-Bilder_2016-05-09_08-19-42-150x150.jpg\" alt=\"IBM Notes Fwd Bilder_2016-05-09_08-19-42\" width=\"150\" height=\"150\" \/><\/a> <a href=\"http:\/\/www.tsv-auerbach-fussball.de\/wordpress\/wp-content\/uploads\/2016\/05\/IBM-Notes-Fwd-Bilder_2016-05-09_08-19-54.jpg\" data-rel=\"lightbox-image-1\" data-rl_title=\"\" data-rl_caption=\"\" title=\"\"><img loading=\"lazy\" decoding=\"async\" class=\"alignleft size-thumbnail wp-image-2103\" src=\"http:\/\/www.tsv-auerbach-fussball.de\/wordpress\/wp-content\/uploads\/2016\/05\/IBM-Notes-Fwd-Bilder_2016-05-09_08-19-54-150x150.jpg\" alt=\"IBM Notes Fwd Bilder_2016-05-09_08-19-54\" width=\"150\" height=\"150\" \/><\/a> <a href=\"http:\/\/www.tsv-auerbach-fussball.de\/wordpress\/wp-content\/uploads\/2016\/05\/IBM-Notes-Fwd-Bilder_2016-05-09_08-20-08.jpg\" data-rel=\"lightbox-image-2\" data-rl_title=\"\" data-rl_caption=\"\" title=\"\"><img loading=\"lazy\" decoding=\"async\" class=\"alignleft size-thumbnail wp-image-2104\" src=\"http:\/\/www.tsv-auerbach-fussball.de\/wordpress\/wp-content\/uploads\/2016\/05\/IBM-Notes-Fwd-Bilder_2016-05-09_08-20-08-150x150.jpg\" alt=\"IBM Notes Fwd Bilder_2016-05-09_08-20-08\" width=\"150\" height=\"150\" \/><\/a> <a href=\"http:\/\/www.tsv-auerbach-fussball.de\/wordpress\/wp-content\/uploads\/2016\/05\/IBM-Notes-Fwd-Bilder_2016-05-09_08-20-22.jpg\" data-rel=\"lightbox-image-3\" data-rl_title=\"\" data-rl_caption=\"\" title=\"\"><img loading=\"lazy\" decoding=\"async\" class=\"alignleft size-thumbnail wp-image-2105\" src=\"http:\/\/www.tsv-auerbach-fussball.de\/wordpress\/wp-content\/uploads\/2016\/05\/IBM-Notes-Fwd-Bilder_2016-05-09_08-20-22-150x150.jpg\" alt=\"IBM Notes Fwd Bilder_2016-05-09_08-20-22\" width=\"150\" height=\"150\" \/><\/a><\/p>\n","protected":false},"excerpt":{"rendered":"<p>Die C Jugend des JFV gewinnt am 1. Mai verdient das Kreispokalfinale mit 3:0 gegen Stgb Heppenheim. Die Mannschaft dominierte von Anfang an das Finale und war das klar bessere Team. Am Ende stand ein nie gef\u00e4hrdeter Sieg. Nachdem sich zu Beginn der Saison, die neu formierte Mannschaft zuerst einmal in der Gruppenliga zurecht finden &hellip; <\/p>\n<p><a class=\"more-link btn\" href=\"https:\/\/tsv-auerbach.org\/fussball\/2016\/05\/09\/pokalsieg-der-c-jugend-des-jfv-alsbach-auerbach\/\">Weiterlesen<\/a><\/p>\n","protected":false},"author":11,"featured_media":0,"comment_status":"open","ping_status":"open","sticky":false,"template":"","format":"standard","meta":{"footnotes":""},"categories":[24],"tags":[],"class_list":["post-2101","post","type-post","status-publish","format-standard","hentry","category-c-jugend","nodate","item-wrap"],"_links":{"self":[{"href":"https:\/\/tsv-auerbach.org\/fussball\/wp-json\/wp\/v2\/posts\/2101","targetHints":{"allow":["GET"]}}],"collection":[{"href":"https:\/\/tsv-auerbach.org\/fussball\/wp-json\/wp\/v2\/posts"}],"about":[{"href":"https:\/\/tsv-auerbach.org\/fussball\/wp-json\/wp\/v2\/types\/post"}],"author":[{"embeddable":true,"href":"https:\/\/tsv-auerbach.org\/fussball\/wp-json\/wp\/v2\/users\/11"}],"replies":[{"embeddable":true,"href":"https:\/\/tsv-auerbach.org\/fussball\/wp-json\/wp\/v2\/comments?post=2101"}],"version-history":[{"count":0,"href":"https:\/\/tsv-auerbach.org\/fussball\/wp-json\/wp\/v2\/posts\/2101\/revisions"}],"wp:attachment":[{"href":"https:\/\/tsv-auerbach.org\/fussball\/wp-json\/wp\/v2\/media?parent=2101"}],"wp:term":[{"taxonomy":"category","embeddable":true,"href":"https:\/\/tsv-auerbach.org\/fussball\/wp-json\/wp\/v2\/categories?post=2101"},{"taxonomy":"post_tag","embeddable":true,"href":"https:\/\/tsv-auerbach.org\/fussball\/wp-json\/wp\/v2\/tags?post=2101"}],"curies":[{"name":"wp","href":"https:\/\/api.w.org\/{rel}","templated":true}]}}