{"id":2245,"date":"2016-10-21T17:10:35","date_gmt":"2016-10-21T16:10:35","guid":{"rendered":"http:\/\/www.tsv-auerbach-fussball.de\/?p=2245"},"modified":"2016-10-21T17:10:35","modified_gmt":"2016-10-21T16:10:35","slug":"e1-jugend-aufstieg-in-die-regio-liga","status":"publish","type":"post","link":"https:\/\/tsv-auerbach.org\/fussball\/2016\/10\/21\/e1-jugend-aufstieg-in-die-regio-liga\/","title":{"rendered":"E1-Jugend: Aufstieg in die Regio-Liga"},"content":{"rendered":"<p><strong>Was f\u00fcr ein Start in die neue Saison! Es hatte sich bereits in den Freundschaftsspielen im August angedeutet: Die aktuelle E1 (Jahrgang 2006) ist stark. Das Trainerteam (Rolf Lamb, Maher Kassem und Gerald Scholz) hatte die Mannschaft gleich in die Kreisliga gemeldet, wo sie sich in der schwierigen Gruppe 1 zusammen mit Bensheim 07 und Einhausen zu beweisen hatte.<\/strong><\/p>\n<p><strong>Das hat sie mit Bravour bestanden: Platz 1 mit vier Siegen und einer (knappen) Niederlage.<\/strong><\/p>\n<p><a href=\"http:\/\/www.tsv-auerbach-fussball.de\/wordpress\/wp-content\/uploads\/2016\/10\/Unsere-E1-Aufstieg-in-die-Regio-Liga.docx-Microsoft-Word_2016-10-21_18-08-48.jpg\" data-rel=\"lightbox-image-0\" data-rl_title=\"\" data-rl_caption=\"\" title=\"\"><img loading=\"lazy\" decoding=\"async\" class=\"alignleft size-full wp-image-2246\" src=\"http:\/\/www.tsv-auerbach-fussball.de\/wordpress\/wp-content\/uploads\/2016\/10\/Unsere-E1-Aufstieg-in-die-Regio-Liga.docx-Microsoft-Word_2016-10-21_18-08-48.jpg\" alt=\"unsere-e1-aufstieg-in-die-regio-liga-docx-microsoft-word_2016-10-21_18-08-48\" width=\"791\" height=\"562\" srcset=\"https:\/\/tsv-auerbach.org\/fussball\/wp-content\/uploads\/sites\/10\/2016\/10\/Unsere-E1-Aufstieg-in-die-Regio-Liga.docx-Microsoft-Word_2016-10-21_18-08-48.jpg 791w, https:\/\/tsv-auerbach.org\/fussball\/wp-content\/uploads\/sites\/10\/2016\/10\/Unsere-E1-Aufstieg-in-die-Regio-Liga.docx-Microsoft-Word_2016-10-21_18-08-48-300x213.jpg 300w, https:\/\/tsv-auerbach.org\/fussball\/wp-content\/uploads\/sites\/10\/2016\/10\/Unsere-E1-Aufstieg-in-die-Regio-Liga.docx-Microsoft-Word_2016-10-21_18-08-48-768x546.jpg 768w\" sizes=\"auto, (max-width: 791px) 100vw, 791px\" \/><\/a><\/p>\n<p>&nbsp;<\/p>\n<p><strong>Nun geht es in die h\u00f6chste Spielklasse ihrer Altersgruppe \u2013 die Regio-Liga. Ab dem 5. November wird um die Meisterschaft gespielt. Jetzt darf sich die E1 mit den st\u00e4rksten Mannschaften aus Darmstadt, Dieburg, Gro\u00df-Gerau, dem Odenwald und der Bergstra\u00dfe messen: Griesheim, Ginsheim und H\u00fcttenfeld sind einige Stationen der kommenden Runde.<\/strong><\/p>\n<p><a href=\"http:\/\/www.tsv-auerbach-fussball.de\/wordpress\/wp-content\/uploads\/2016\/10\/Unsere-E1-Aufstieg-in-die-Regio-Liga.docx-Microsoft-Word_2016-10-21_18-09-00.jpg\" data-rel=\"lightbox-image-1\" data-rl_title=\"\" data-rl_caption=\"\" title=\"\"><img loading=\"lazy\" decoding=\"async\" class=\"alignleft size-full wp-image-2247\" src=\"http:\/\/www.tsv-auerbach-fussball.de\/wordpress\/wp-content\/uploads\/2016\/10\/Unsere-E1-Aufstieg-in-die-Regio-Liga.docx-Microsoft-Word_2016-10-21_18-09-00.jpg\" alt=\"unsere-e1-aufstieg-in-die-regio-liga-docx-microsoft-word_2016-10-21_18-09-00\" width=\"1529\" height=\"745\" srcset=\"https:\/\/tsv-auerbach.org\/fussball\/wp-content\/uploads\/sites\/10\/2016\/10\/Unsere-E1-Aufstieg-in-die-Regio-Liga.docx-Microsoft-Word_2016-10-21_18-09-00.jpg 1529w, https:\/\/tsv-auerbach.org\/fussball\/wp-content\/uploads\/sites\/10\/2016\/10\/Unsere-E1-Aufstieg-in-die-Regio-Liga.docx-Microsoft-Word_2016-10-21_18-09-00-300x146.jpg 300w, https:\/\/tsv-auerbach.org\/fussball\/wp-content\/uploads\/sites\/10\/2016\/10\/Unsere-E1-Aufstieg-in-die-Regio-Liga.docx-Microsoft-Word_2016-10-21_18-09-00-768x374.jpg 768w, https:\/\/tsv-auerbach.org\/fussball\/wp-content\/uploads\/sites\/10\/2016\/10\/Unsere-E1-Aufstieg-in-die-Regio-Liga.docx-Microsoft-Word_2016-10-21_18-09-00-1024x499.jpg 1024w\" sizes=\"auto, (max-width: 1529px) 100vw, 1529px\" \/><\/a><\/p>\n<p>&nbsp;<\/p>\n","protected":false},"excerpt":{"rendered":"<p>Was f\u00fcr ein Start in die neue Saison! Es hatte sich bereits in den Freundschaftsspielen im August angedeutet: Die aktuelle E1 (Jahrgang 2006) ist stark. Das Trainerteam (Rolf Lamb, Maher Kassem und Gerald Scholz) hatte die Mannschaft gleich in die Kreisliga gemeldet, wo sie sich in der schwierigen Gruppe 1 zusammen mit Bensheim 07 und &hellip; <\/p>\n<p><a class=\"more-link btn\" href=\"https:\/\/tsv-auerbach.org\/fussball\/2016\/10\/21\/e1-jugend-aufstieg-in-die-regio-liga\/\">Weiterlesen<\/a><\/p>\n","protected":false},"author":11,"featured_media":0,"comment_status":"open","ping_status":"open","sticky":false,"template":"","format":"standard","meta":{"footnotes":""},"categories":[30],"tags":[],"class_list":["post-2245","post","type-post","status-publish","format-standard","hentry","category-e-jugend","nodate","item-wrap"],"_links":{"self":[{"href":"https:\/\/tsv-auerbach.org\/fussball\/wp-json\/wp\/v2\/posts\/2245","targetHints":{"allow":["GET"]}}],"collection":[{"href":"https:\/\/tsv-auerbach.org\/fussball\/wp-json\/wp\/v2\/posts"}],"about":[{"href":"https:\/\/tsv-auerbach.org\/fussball\/wp-json\/wp\/v2\/types\/post"}],"author":[{"embeddable":true,"href":"https:\/\/tsv-auerbach.org\/fussball\/wp-json\/wp\/v2\/users\/11"}],"replies":[{"embeddable":true,"href":"https:\/\/tsv-auerbach.org\/fussball\/wp-json\/wp\/v2\/comments?post=2245"}],"version-history":[{"count":0,"href":"https:\/\/tsv-auerbach.org\/fussball\/wp-json\/wp\/v2\/posts\/2245\/revisions"}],"wp:attachment":[{"href":"https:\/\/tsv-auerbach.org\/fussball\/wp-json\/wp\/v2\/media?parent=2245"}],"wp:term":[{"taxonomy":"category","embeddable":true,"href":"https:\/\/tsv-auerbach.org\/fussball\/wp-json\/wp\/v2\/categories?post=2245"},{"taxonomy":"post_tag","embeddable":true,"href":"https:\/\/tsv-auerbach.org\/fussball\/wp-json\/wp\/v2\/tags?post=2245"}],"curies":[{"name":"wp","href":"https:\/\/api.w.org\/{rel}","templated":true}]}}