{"id":2273,"date":"2016-11-08T15:24:06","date_gmt":"2016-11-08T14:24:06","guid":{"rendered":"http:\/\/www.tsv-auerbach-fussball.de\/?p=2273"},"modified":"2016-11-08T15:24:06","modified_gmt":"2016-11-08T14:24:06","slug":"b1-jugend-jfv-tut-sich-lange-schwer-gegen-tabellenletzten-limburg","status":"publish","type":"post","link":"https:\/\/tsv-auerbach.org\/fussball\/2016\/11\/08\/b1-jugend-jfv-tut-sich-lange-schwer-gegen-tabellenletzten-limburg\/","title":{"rendered":"B1-Jugend: JFV tut sich lange schwer gegen Tabellenletzten Limburg"},"content":{"rendered":"<p>Nicht sch\u00f6n, aber erfolgreich!<\/p>\n<p>&nbsp;<\/p>\n<p>Eine durchschnittliche Leistung gen\u00fcgte der B1 des JFV Alsbach-Auerbach, um im Heimspiel Mitaufsteiger VfR Limburg mit 7:0 (2:0) zu besiegen. Damit festigten die Jungs von der Bergstra\u00dfe ihre gute Platzierung im Mittelfeld der Verbandsliga S\u00fcd.<\/p>\n<p>&nbsp;<\/p>\n<p>Das Spiel entwickelte sich von Anfang an so, wie man es sich als Zuschauer der Einheimischen gew\u00fcnscht hatte: in Richtung des G\u00e4stetores. Und Eldin Ramic n\u00e4hrte diesen Glauben auch noch damit, dass er seine Farben bereits in der 8. Spielminute in F\u00fchrung brachte. Doch dann trat das an dieser Stelle schon oft thematisierte Manko wieder zu Tage: das Auslassen bester Torchancen. Weder Yusuf Yildiz, noch Zaid Yacoub, Eldin Ramic oder Janis Carl \u2013 um nur die besten M\u00f6glichkeiten zu nennen \u2013 brachten \u201edas Runde im Eckigen\u201c unter. Stattdessen standen die G\u00e4ste auf einmal dicht vor dem Ausgleich, brachten den Ball aber aus kurzer Entfernung nicht im Tor unter (23. Minute). Nur gut, dass Yusuf Yildiz in der 29. Minute zum 2:0 traf und die Nerven seines Trainerteams und der Zuschauer etwas beruhigen konnte. Die optische \u00dcberlegenheit des JFV hielt auch nach diesem zweiten Treffer deutlich an, nur z\u00e4hlbares entsprang daraus bis zum Pausenpfiff nicht mehr.<\/p>\n<p>&nbsp;<\/p>\n<p>Auch der zweite Spielabschnitt begann mit einem Traumstart f\u00fcr die Einheimischen. Zaid Yacoub setzte in der 46. Spielminute zu einem Alleingang an, umspielte drei Gegenspieler und traf zum vorentscheidendem 3:0. Aber danach wieder viel Leerlauf im Spiel der Gastgeber. Zu oft wurde zu umst\u00e4ndlich nach vorne gespielt. Auch Unkonzentriertheiten schlichen sich mehr und mehr im Spiel des JFV ein. Beinahe w\u00e4re den G\u00e4sten dadurch fast der Anschlusstreffer gelungen (52., 55. und 58. Minute).<\/p>\n<p>F\u00fcr mehr Ruhe und Entspannung sorgte dann endlich Max Meier, mit seinem Treffer zum 4:0 ( 66.). Und auf einmal, schien das Spiel wieder wie von selbst zu laufen. Der Widerstand der G\u00e4ste aus Limburg war nun gebrochen, die Treffer zum 5:0 (69.) durch Alexander Butz und 6:0 (72.) durch Zaid Yacoub wurden sch\u00f6n heraus gespielt. Den Schlusspunkt setzte Burak Can in der 76. Spielminute mit einem satten Linksschuss aus sechzehn Metern zum 7:0.<\/p>\n<p>&nbsp;<\/p>\n<p>Fazit: Ein hartes St\u00fcck Arbeit bis zum Kantersieg, gegen einen unangenehmen aber immer fairen Gegner. Dabei kann Fu\u00dfball so leicht sein, wenn man den einfacheren und nicht den komplizierteren Weg w\u00e4hlt!<\/p>\n<p>&nbsp;<\/p>\n<p>Gegen Limburg kamen zum Einsatz:<\/p>\n<p>Tim Gerhard \u2013 Argent Latifi, Torben Ruck, Jannik Sch\u00e4fer, Janis Carl (Justin Daum) \u2013 Burak Can, Lennart Borgenheimer \u2013 Eldin Ramic (Alexander Butz), Laurat Jerlija (Max Meier), Yusuf Yildiz (Leon Kutrowatz) \u2013 Zaid Yacoub<\/p>\n<p>Au\u00dferdem waren dabei:<\/p>\n<p>Florian Grinda, Janko Bodemann, Jeremy Hemmpel<\/p>\n<p>&nbsp;<\/p>\n<p>Vorschau:<\/p>\n<p>Am elften Spieltag (12.11.2016) tritt die B1 des JFV beim SV Wehen Wiesbaden an. Gegen die U16 des Drittligisten beginnt die Partie bereits um 11:00 Uhr auf dem Sportgel\u00e4nde \u201eAuf dem Halberg\u201c in Taunusstein.<\/p>\n","protected":false},"excerpt":{"rendered":"<p>Nicht sch\u00f6n, aber erfolgreich! &nbsp; Eine durchschnittliche Leistung gen\u00fcgte der B1 des JFV Alsbach-Auerbach, um im Heimspiel Mitaufsteiger VfR Limburg mit 7:0 (2:0) zu besiegen. Damit festigten die Jungs von der Bergstra\u00dfe ihre gute Platzierung im Mittelfeld der Verbandsliga S\u00fcd. &nbsp; Das Spiel entwickelte sich von Anfang an so, wie man es sich als Zuschauer &hellip; <\/p>\n<p><a class=\"more-link btn\" href=\"https:\/\/tsv-auerbach.org\/fussball\/2016\/11\/08\/b1-jugend-jfv-tut-sich-lange-schwer-gegen-tabellenletzten-limburg\/\">Weiterlesen<\/a><\/p>\n","protected":false},"author":11,"featured_media":0,"comment_status":"open","ping_status":"open","sticky":false,"template":"","format":"standard","meta":{"footnotes":""},"categories":[32],"tags":[],"class_list":["post-2273","post","type-post","status-publish","format-standard","hentry","category-b-jugend","nodate","item-wrap"],"_links":{"self":[{"href":"https:\/\/tsv-auerbach.org\/fussball\/wp-json\/wp\/v2\/posts\/2273","targetHints":{"allow":["GET"]}}],"collection":[{"href":"https:\/\/tsv-auerbach.org\/fussball\/wp-json\/wp\/v2\/posts"}],"about":[{"href":"https:\/\/tsv-auerbach.org\/fussball\/wp-json\/wp\/v2\/types\/post"}],"author":[{"embeddable":true,"href":"https:\/\/tsv-auerbach.org\/fussball\/wp-json\/wp\/v2\/users\/11"}],"replies":[{"embeddable":true,"href":"https:\/\/tsv-auerbach.org\/fussball\/wp-json\/wp\/v2\/comments?post=2273"}],"version-history":[{"count":0,"href":"https:\/\/tsv-auerbach.org\/fussball\/wp-json\/wp\/v2\/posts\/2273\/revisions"}],"wp:attachment":[{"href":"https:\/\/tsv-auerbach.org\/fussball\/wp-json\/wp\/v2\/media?parent=2273"}],"wp:term":[{"taxonomy":"category","embeddable":true,"href":"https:\/\/tsv-auerbach.org\/fussball\/wp-json\/wp\/v2\/categories?post=2273"},{"taxonomy":"post_tag","embeddable":true,"href":"https:\/\/tsv-auerbach.org\/fussball\/wp-json\/wp\/v2\/tags?post=2273"}],"curies":[{"name":"wp","href":"https:\/\/api.w.org\/{rel}","templated":true}]}}