{"id":2388,"date":"2017-02-14T22:21:03","date_gmt":"2017-02-14T21:21:03","guid":{"rendered":"http:\/\/www.tsv-auerbach-fussball.de\/?p=2388"},"modified":"2017-02-14T22:21:03","modified_gmt":"2017-02-14T21:21:03","slug":"b1-jugend-jfv-geht-bei-der-regional-meisterschaft-unter","status":"publish","type":"post","link":"https:\/\/tsv-auerbach.org\/fussball\/2017\/02\/14\/b1-jugend-jfv-geht-bei-der-regional-meisterschaft-unter\/","title":{"rendered":"B1-Jugend: JFV geht bei der Regional-Meisterschaft unter"},"content":{"rendered":"<p>Schwarzer Sonntag!<\/p>\n<p>&nbsp;<\/p>\n<p>&nbsp;<\/p>\n<p>Es sollte der H\u00f6hepunkt der Hallensaison 2016\/2017 werden, doch es wurde zu einem Desaster!<\/p>\n<p>Vier Spiele, null Punkte, keine Tore geschossen, daf\u00fcr aber sechs Gegentreffer kassiert. Nur F\u00fcnfter und damit auch Letzter in der Gesamtwertung. Als Titelverteidiger, Favorit und\u00a0\u00a0 klassenh\u00f6chstes Team angereist, mit viel Frust und Entt\u00e4uschung die Heimreise wieder angetreten. Es gibt einfach Tage, da will nichts klappen. Einen solchen Raben-schwarzen Tag erwischte die B1 am Sonntag, den 12.02.2017 in Ginsheim, bei der Endrunde um die Regional-Meisterschaft im Futsal.<\/p>\n<p>&nbsp;<\/p>\n<p>Angetreten waren die f\u00fcnf Kreismeister im Futsal. Das waren neben dem JFV Alsbach-Auerbach (Kreis Bergstra\u00dfe), der SV M\u00fcnster (Kreis Dieburg), Viktoria Griesheim (Kreis Darmstadt), RW Walldorf (Kreis Gro\u00df-Gerau) und die SG Sandbach (Kreis Odenwald). Gespielt wurde im Modus Jeder-gegen-Jeden, die Spielzeit betrug 15 Minuten.<\/p>\n<p>&nbsp;<\/p>\n<p>JFV Alsbach-Auerbach \u2013 SV M\u00fcnster 0:2<\/p>\n<p>Es war eine schwache Vorstellung des JFV. Keine Spielordnung, jeder Spieler lief kreuz und quer \u00fcber das Spielfeld, aber anspielbar war kein Akteur. Die wenigen Torchancen wurden auch noch kl\u00e4glich vergeben. Einzig JFV-Keeper Florian Grinda erreichte Normalform und verhinderte mehrfach weitere Gegentreffer.<\/p>\n<p>Anders der Tabellenf\u00fchrer der Gruppenliga Darmstadt. Dieser wollte den Sieg, das sp\u00fcrte man bis auf die Zuschauerr\u00e4nge. So geht die Niederlage f\u00fcr den JFV auch voll und ganz in Ordnung.<\/p>\n<p>&nbsp;<\/p>\n<p>JFV Alsbach-Auerbach \u2013 RW Walldorf 0:1<\/p>\n<p>Leichte Tendenz zum Besseren, aber wieder verloren. So das Fazit nach dem zweiten Spiel. Erneut war es die mangelhafte Chancenverwertung, die einem positiven Resultat im Wege stand. Auf der anderen Seite musste JFV-Keeper Florian Grinda erneut eine klasse Vorstellung zeigen, um weitere Gegentreffer des Kreisligisten zu verhindern. Am einzigen Gegentor konnte aber auch er nichts machen.<\/p>\n<p>&nbsp;<\/p>\n<p>JFV Alsbach-Auerbach \u2013 Viktoria Griesheim\u00a0 0:2<\/p>\n<p>Gegen den Tabellenzweiten der Gruppenliga Darmstadt zeigte der JFV wieder sein schlechtes Gesicht. Vielleicht war es auch schon der Hintergedanke, dass man das Turnier nicht mehr gewinnen kann, f\u00fcr diesen teils leblosen Auftritt. Es lief eigentlich gar nichts zusammen. Diesmal war es JFV-Torwart Tim Gerhard, der sich als einziger Akteur einer Niederlage entgegen stemmte. Aber er alleine konnte die Niederlage nicht verhindern.<\/p>\n<p>&nbsp;<\/p>\n<p>JFV Alsbach-Auerbach \u2013 SG Sandbach 0:1<\/p>\n<p>Zu diesem Spiel k\u00f6nnte man die Berichte von den Spielen zu vor eins-zu-eins \u00fcbernehmen. Einen Zwei-Klassen-Unterschied \u2013 Sandbach spielt in der Kreisliga, der JFV in der Verbandsliga \u2013 war nie zu erkennen. Wieder erreichte nur Florian Grinda Normalform, wurde aber bei beiden Gegentoren von seinen Vorderleuten im Stich gelassen. \u00dcber Torchancen des JFV muss an dieser Stelle nicht gesprochen werden!<\/p>\n<p>&nbsp;<\/p>\n<p>Fazit: Eine Erkl\u00e4rung f\u00fcr diesen schwachen Auftritt hatte niemand. Auf der anderen Seite gibt es halt Mal solche Tage, an denen nichts gelingt. Schlie\u00dflich sind die Jungs von der Bergstra\u00dfe auch keine Maschinen, bei denen auf Knopfdruck alles wie von selbst l\u00e4uft. Dass sie in der Halle durchaus mithalten bzw. auch siegen k\u00f6nnen, das haben sie in der Hallensaison 2016\/2017 schon mehrfach unter Beweis gestellt (siehe unten). Also dann: \u201eMund abputze und auf ein Neues im Freien. Mit Spa\u00df und Freude in die R\u00fcckrunde der Verbandsliga!\u201c.<\/p>\n<p>&nbsp;<\/p>\n<p>Bei der Regional-Meisterschaft waren am Ball:<\/p>\n<p>Florian Grinda, Tim Gerhard<\/p>\n<p>Laurat Jerlija, Justin Daum, Argent Latifi, Zaid Yacoub, Max Meier, Alexander Butz, Eldin Ramic, Burak Can, Yusuf Yildiz<\/p>\n<p>&nbsp;<\/p>\n<p>Die Ergebnisse der B1 des JFV Alsbach-Auerbach in der Hallensaison 2016\/2017<\/p>\n<p>&nbsp;<\/p>\n<p>Turnier in M\u00f6rlenbach\u00a0\u00a0\u00a0\u00a0\u00a0\u00a0\u00a0\u00a0\u00a0\u00a0\u00a0\u00a0\u00a0\u00a0\u00a0\u00a0\u00a0\u00a0\u00a0\u00a0\u00a0\u00a0\u00a0 1. Platz<\/p>\n<p>Vorrunde Futsal Kreis Bergstra\u00dfe\u00a0\u00a0\u00a0\u00a0 1. Platz<\/p>\n<p>Turnier in Birkenau\u00a0\u00a0\u00a0\u00a0\u00a0\u00a0\u00a0\u00a0\u00a0\u00a0\u00a0\u00a0\u00a0\u00a0\u00a0\u00a0\u00a0\u00a0\u00a0\u00a0\u00a0\u00a0\u00a0\u00a0\u00a0\u00a0\u00a0 1. Platz<\/p>\n<p>Turnier in Heidelberg-Kirchheim\u00a0\u00a0\u00a0\u00a0\u00a0\u00a0\u00a0 4. Platz<\/p>\n<p>Stadtmeisterschaft Bensheim\u00a0\u00a0\u00a0\u00a0\u00a0\u00a0\u00a0\u00a0\u00a0\u00a0\u00a0 1. Platz<\/p>\n<p>Endrunde Futsal Kreis Bergstra\u00dfe\u00a0\u00a0\u00a0 1. Platz<\/p>\n<p>Turnier in Babenhausen\u00a0\u00a0\u00a0\u00a0\u00a0\u00a0\u00a0\u00a0\u00a0\u00a0\u00a0\u00a0\u00a0\u00a0\u00a0\u00a0\u00a0\u00a0\u00a0 3. Platz<\/p>\n<p>Turnier in Lampertheim\u00a0\u00a0\u00a0\u00a0\u00a0\u00a0\u00a0\u00a0\u00a0\u00a0\u00a0\u00a0\u00a0\u00a0\u00a0\u00a0\u00a0\u00a0\u00a0\u00a0\u00a0 1. Platz<\/p>\n<p>Turnier in Neu-Isenburg\u00a0\u00a0\u00a0\u00a0\u00a0\u00a0\u00a0\u00a0\u00a0\u00a0\u00a0\u00a0\u00a0\u00a0\u00a0\u00a0\u00a0\u00a0\u00a0\u00a0 4. Platz<\/p>\n<p>Regional-Meisterschaft \u00a0\u00a0\u00a0\u00a0\u00a0\u00a0\u00a0\u00a0\u00a0\u00a0\u00a0\u00a0\u00a0\u00a0\u00a0\u00a0\u00a0\u00a0\u00a0\u00a0 5. Platz<\/p>\n","protected":false},"excerpt":{"rendered":"<p>Schwarzer Sonntag! &nbsp; &nbsp; Es sollte der H\u00f6hepunkt der Hallensaison 2016\/2017 werden, doch es wurde zu einem Desaster! Vier Spiele, null Punkte, keine Tore geschossen, daf\u00fcr aber sechs Gegentreffer kassiert. Nur F\u00fcnfter und damit auch Letzter in der Gesamtwertung. Als Titelverteidiger, Favorit und\u00a0\u00a0 klassenh\u00f6chstes Team angereist, mit viel Frust und Entt\u00e4uschung die Heimreise wieder angetreten. &hellip; <\/p>\n<p><a class=\"more-link btn\" href=\"https:\/\/tsv-auerbach.org\/fussball\/2017\/02\/14\/b1-jugend-jfv-geht-bei-der-regional-meisterschaft-unter\/\">Weiterlesen<\/a><\/p>\n","protected":false},"author":11,"featured_media":0,"comment_status":"open","ping_status":"open","sticky":false,"template":"","format":"standard","meta":{"footnotes":""},"categories":[32],"tags":[],"class_list":["post-2388","post","type-post","status-publish","format-standard","hentry","category-b-jugend","nodate","item-wrap"],"_links":{"self":[{"href":"https:\/\/tsv-auerbach.org\/fussball\/wp-json\/wp\/v2\/posts\/2388","targetHints":{"allow":["GET"]}}],"collection":[{"href":"https:\/\/tsv-auerbach.org\/fussball\/wp-json\/wp\/v2\/posts"}],"about":[{"href":"https:\/\/tsv-auerbach.org\/fussball\/wp-json\/wp\/v2\/types\/post"}],"author":[{"embeddable":true,"href":"https:\/\/tsv-auerbach.org\/fussball\/wp-json\/wp\/v2\/users\/11"}],"replies":[{"embeddable":true,"href":"https:\/\/tsv-auerbach.org\/fussball\/wp-json\/wp\/v2\/comments?post=2388"}],"version-history":[{"count":0,"href":"https:\/\/tsv-auerbach.org\/fussball\/wp-json\/wp\/v2\/posts\/2388\/revisions"}],"wp:attachment":[{"href":"https:\/\/tsv-auerbach.org\/fussball\/wp-json\/wp\/v2\/media?parent=2388"}],"wp:term":[{"taxonomy":"category","embeddable":true,"href":"https:\/\/tsv-auerbach.org\/fussball\/wp-json\/wp\/v2\/categories?post=2388"},{"taxonomy":"post_tag","embeddable":true,"href":"https:\/\/tsv-auerbach.org\/fussball\/wp-json\/wp\/v2\/tags?post=2388"}],"curies":[{"name":"wp","href":"https:\/\/api.w.org\/{rel}","templated":true}]}}