{"id":3712,"date":"2020-06-26T12:39:00","date_gmt":"2020-06-26T10:39:00","guid":{"rendered":"https:\/\/tsv-auerbach.org\/fussball\/?p=3712"},"modified":"2020-06-26T12:39:00","modified_gmt":"2020-06-26T10:39:00","slug":"fc07-bensheim-schliesst-sich-dem-jfv-alsbach-auerbach-an","status":"publish","type":"post","link":"https:\/\/tsv-auerbach.org\/fussball\/2020\/06\/26\/fc07-bensheim-schliesst-sich-dem-jfv-alsbach-auerbach-an\/","title":{"rendered":"FC07 Bensheim schlie\u00dft sich dem JFV Alsbach\/Auerbach an"},"content":{"rendered":"<p><u>Aus Rivalen werden Partner<\/u><\/p>\n<p>In der abgelaufenen Saison traten die Junioren-Mannschaften des FC 07 Bensheim und des JFV Alsbach Auerbach noch getrennt an. Ab der Saison 21\/22 wird sich der FC 07 Bensheim dem JFV Alsbach Auerbach anschlie\u00dfen. Dies wurde in den letzten Monaten von den Vorst\u00e4nden des FC 07 Bensheim, des TSV Auerbach und des FC Alsbach beschlossen. Damit gehen mit dem JFV und dem FC 07 die beiden Ligah\u00f6chsten Jugendvereine des Kreises Bergstra\u00dfe zusammen. \u201eAlleine kann ein Verein heutzutage kaum noch Jugendfu\u00dfball anbieten, geschweige denn leistungsbezogenen Fu\u00dfball spielen lassen. Daher haben wir beschlossen zusammen zu arbeiten, um den Jugendlichen die bestm\u00f6gliche Ausbildung vor Ort zu erm\u00f6glichen. Mit dieser Zusammenarbeit k\u00f6nnen wir eine gute Rolle in der Verbandsliga spielen und in der Zukunft auch ein Wort um den Aufstieg in die Hessenliga mitreden.\u201c, sagt Michael Brunner, Jugendleiter des JFV Alsbach\/Auerbach. Hans Sokoll, Jugendleiter des FC07 Bensheim, erg\u00e4nzt: \u201eDurch diese B\u00fcndelung der Kr\u00e4fte werden wir noch attraktiver f\u00fcr Jugendliche unserer Region.\u201c<\/p>\n<p>In der kommenden Saison 20\/21 wird schon bei den D- und C-Junioren zusammengearbeitet. Die Vorbereitungen dazu laufen auf vollen Touren. Die gemeinsame C-Jugend Mannschaft wird dabei zuk\u00fcnftig von Dirk Goldmann trainiert, der bereits in den vergangenen Jahren die C-Junioren des JFV trainierte. F\u00fcr die gemeinsame Gruppenligamannschaft in der D-Jugend, die zuk\u00fcnftig auch unter dem Dach des JFV Alsbach Auerbach antreten wird<u>, sucht man nach einem geeigneten Trainer<\/u>. Seit mehreren Wochen trainieren die Mannschaften bereits zusammen. Begleitet wird der Prozess der Zusammenf\u00fchrung durch Michael Stoiber, Koordinator f\u00fcr die A-C- Junioren des FC 07 Bensheim. \u201cEs ist sch\u00f6n zu sehen, wie schon nach wenigen gemeinsamen Trainings sichtbar wird, dass hier etwas Tolles am Entstehen ist\u201c sagt dieser dazu.<\/p>\n","protected":false},"excerpt":{"rendered":"<p>Aus Rivalen werden Partner In der abgelaufenen Saison traten die Junioren-Mannschaften des FC 07 Bensheim und des JFV Alsbach Auerbach noch getrennt an. Ab der Saison 21\/22 wird sich der FC 07 Bensheim dem JFV Alsbach Auerbach anschlie\u00dfen. Dies wurde in den letzten Monaten von den Vorst\u00e4nden des FC 07 Bensheim, des TSV Auerbach und &hellip; <\/p>\n<p><a class=\"more-link btn\" href=\"https:\/\/tsv-auerbach.org\/fussball\/2020\/06\/26\/fc07-bensheim-schliesst-sich-dem-jfv-alsbach-auerbach-an\/\">Weiterlesen<\/a><\/p>\n","protected":false},"author":9,"featured_media":0,"comment_status":"open","ping_status":"open","sticky":false,"template":"","format":"standard","meta":{"footnotes":""},"categories":[1],"tags":[],"class_list":["post-3712","post","type-post","status-publish","format-standard","hentry","category-allgemein","nodate","item-wrap"],"_links":{"self":[{"href":"https:\/\/tsv-auerbach.org\/fussball\/wp-json\/wp\/v2\/posts\/3712","targetHints":{"allow":["GET"]}}],"collection":[{"href":"https:\/\/tsv-auerbach.org\/fussball\/wp-json\/wp\/v2\/posts"}],"about":[{"href":"https:\/\/tsv-auerbach.org\/fussball\/wp-json\/wp\/v2\/types\/post"}],"author":[{"embeddable":true,"href":"https:\/\/tsv-auerbach.org\/fussball\/wp-json\/wp\/v2\/users\/9"}],"replies":[{"embeddable":true,"href":"https:\/\/tsv-auerbach.org\/fussball\/wp-json\/wp\/v2\/comments?post=3712"}],"version-history":[{"count":1,"href":"https:\/\/tsv-auerbach.org\/fussball\/wp-json\/wp\/v2\/posts\/3712\/revisions"}],"predecessor-version":[{"id":3713,"href":"https:\/\/tsv-auerbach.org\/fussball\/wp-json\/wp\/v2\/posts\/3712\/revisions\/3713"}],"wp:attachment":[{"href":"https:\/\/tsv-auerbach.org\/fussball\/wp-json\/wp\/v2\/media?parent=3712"}],"wp:term":[{"taxonomy":"category","embeddable":true,"href":"https:\/\/tsv-auerbach.org\/fussball\/wp-json\/wp\/v2\/categories?post=3712"},{"taxonomy":"post_tag","embeddable":true,"href":"https:\/\/tsv-auerbach.org\/fussball\/wp-json\/wp\/v2\/tags?post=3712"}],"curies":[{"name":"wp","href":"https:\/\/api.w.org\/{rel}","templated":true}]}}