{"id":3800,"date":"2021-02-09T11:37:44","date_gmt":"2021-02-09T10:37:44","guid":{"rendered":"https:\/\/tsv-auerbach.org\/fussball\/?p=3800"},"modified":"2021-02-09T11:37:44","modified_gmt":"2021-02-09T10:37:44","slug":"trainerwechsel-bei-der-1-seniorenmannschaft","status":"publish","type":"post","link":"https:\/\/tsv-auerbach.org\/fussball\/2021\/02\/09\/trainerwechsel-bei-der-1-seniorenmannschaft\/","title":{"rendered":"Trainerwechsel bei der 1. Seniorenmannschaft"},"content":{"rendered":"<p>etwas \u00fcberraschend kam die Mitteilung f\u00fcr viele, dass die TSV und Toni Bozanovic k\u00fcnftig getrennte Wege gehen. \u00dcberraschend deshalb, weil die Mannschaft sehr gut gespielt hat und in der Tabelle weit oben steht.<\/p>\n<p>Leider gab es bez\u00fcglich der Ausrichtung f\u00fcr die neue Saison 2021\/2022 keine hundertprozentige \u00dcbereinstimmung zwischen der sportlichen Leitung und Toni und somit hat die sportliche Leitung entschieden die Zusammenarbeit zum Ende der aktuellen Saison zu beenden. In der Folge hat man sich dann einvernehmlich (auch auf Grund der Corona Situation)\u00a0 darauf geeinigt,\u00a0 die Zusammenarbeit mit sofortiger Wirkung zu beenden.<\/p>\n<p>Toni hat in den letzten Jahren und auch schon im JFV sehr gute Arbeit geleistet und hat sich mit dem Vereinleben identifiziert und sich auch au\u00dferhalb seiner Trainert\u00e4tigkeit eingebracht. Die Vereinswappen und Schriftz\u00fcge in den Kabinen und dem Besprechungsraum gehen auf seine Initiative zur\u00fcck.<\/p>\n<p>Die TSV ist sehr dankbar f\u00fcr alles was Toni geleistet hat und w\u00fcnscht ihm f\u00fcr die Zukunft alles Gute.<\/p>\n","protected":false},"excerpt":{"rendered":"<p>etwas \u00fcberraschend kam die Mitteilung f\u00fcr viele, dass die TSV und Toni Bozanovic k\u00fcnftig getrennte Wege gehen. \u00dcberraschend deshalb, weil die Mannschaft sehr gut gespielt hat und in der Tabelle weit oben steht. Leider gab es bez\u00fcglich der Ausrichtung f\u00fcr die neue Saison 2021\/2022 keine hundertprozentige \u00dcbereinstimmung zwischen der sportlichen Leitung und Toni und somit &hellip; <\/p>\n<p><a class=\"more-link btn\" href=\"https:\/\/tsv-auerbach.org\/fussball\/2021\/02\/09\/trainerwechsel-bei-der-1-seniorenmannschaft\/\">Weiterlesen<\/a><\/p>\n","protected":false},"author":9,"featured_media":0,"comment_status":"open","ping_status":"open","sticky":false,"template":"","format":"standard","meta":{"footnotes":""},"categories":[1],"tags":[],"class_list":["post-3800","post","type-post","status-publish","format-standard","hentry","category-allgemein","nodate","item-wrap"],"_links":{"self":[{"href":"https:\/\/tsv-auerbach.org\/fussball\/wp-json\/wp\/v2\/posts\/3800","targetHints":{"allow":["GET"]}}],"collection":[{"href":"https:\/\/tsv-auerbach.org\/fussball\/wp-json\/wp\/v2\/posts"}],"about":[{"href":"https:\/\/tsv-auerbach.org\/fussball\/wp-json\/wp\/v2\/types\/post"}],"author":[{"embeddable":true,"href":"https:\/\/tsv-auerbach.org\/fussball\/wp-json\/wp\/v2\/users\/9"}],"replies":[{"embeddable":true,"href":"https:\/\/tsv-auerbach.org\/fussball\/wp-json\/wp\/v2\/comments?post=3800"}],"version-history":[{"count":1,"href":"https:\/\/tsv-auerbach.org\/fussball\/wp-json\/wp\/v2\/posts\/3800\/revisions"}],"predecessor-version":[{"id":3801,"href":"https:\/\/tsv-auerbach.org\/fussball\/wp-json\/wp\/v2\/posts\/3800\/revisions\/3801"}],"wp:attachment":[{"href":"https:\/\/tsv-auerbach.org\/fussball\/wp-json\/wp\/v2\/media?parent=3800"}],"wp:term":[{"taxonomy":"category","embeddable":true,"href":"https:\/\/tsv-auerbach.org\/fussball\/wp-json\/wp\/v2\/categories?post=3800"},{"taxonomy":"post_tag","embeddable":true,"href":"https:\/\/tsv-auerbach.org\/fussball\/wp-json\/wp\/v2\/tags?post=3800"}],"curies":[{"name":"wp","href":"https:\/\/api.w.org\/{rel}","templated":true}]}}