{"id":4003,"date":"2023-02-06T15:43:01","date_gmt":"2023-02-06T14:43:01","guid":{"rendered":"https:\/\/tsv-auerbach.org\/fussball\/?p=4003"},"modified":"2023-02-06T15:43:01","modified_gmt":"2023-02-06T14:43:01","slug":"neujahrsempfang","status":"publish","type":"post","link":"https:\/\/tsv-auerbach.org\/fussball\/2023\/02\/06\/neujahrsempfang\/","title":{"rendered":"Neujahrsempfang"},"content":{"rendered":"<p>Auch Mitglieder der Fu\u00dfballabteilung wurden am Neujahrsempfang der TSV Ende Januar in der gro\u00dfen Turnhalle geehrt.<\/p>\n<p>Zun\u00e4chst unsere 1. Seniorenmannschaft f\u00fcr den fulminanten Aufstieg in die Gruppenliga.<\/p>\n<p><img loading=\"lazy\" decoding=\"async\" class=\"alignnone size-full wp-image-4004\" src=\"\/fussball\/wp-content\/uploads\/sites\/10\/2023\/02\/WhatsApp-Image-2023-02-06-at-15.27.51-1.jpeg\" alt=\"\" width=\"1024\" height=\"768\" srcset=\"https:\/\/tsv-auerbach.org\/fussball\/wp-content\/uploads\/sites\/10\/2023\/02\/WhatsApp-Image-2023-02-06-at-15.27.51-1.jpeg 1024w, https:\/\/tsv-auerbach.org\/fussball\/wp-content\/uploads\/sites\/10\/2023\/02\/WhatsApp-Image-2023-02-06-at-15.27.51-1-300x225.jpeg 300w, https:\/\/tsv-auerbach.org\/fussball\/wp-content\/uploads\/sites\/10\/2023\/02\/WhatsApp-Image-2023-02-06-at-15.27.51-1-768x576.jpeg 768w, https:\/\/tsv-auerbach.org\/fussball\/wp-content\/uploads\/sites\/10\/2023\/02\/WhatsApp-Image-2023-02-06-at-15.27.51-1-922x692.jpeg 922w\" sizes=\"auto, (max-width: 1024px) 100vw, 1024px\" \/><\/p>\n<p>&nbsp;<\/p>\n<p>Geehrt wurden auch Mario Hippler, Cora Rettig, Thomas Herrmann und Markus Semmler f\u00fcr hervorragende ehrenamtliche T\u00e4tigkeit f\u00fcr die Fu\u00dfballabteilung in den letzten Jahren.<\/p>\n<p><img loading=\"lazy\" decoding=\"async\" class=\"alignnone size-full wp-image-4005\" src=\"\/fussball\/wp-content\/uploads\/sites\/10\/2023\/02\/WhatsApp-Image-2023-02-06-at-15.27.51.jpeg\" alt=\"\" width=\"1024\" height=\"768\" srcset=\"https:\/\/tsv-auerbach.org\/fussball\/wp-content\/uploads\/sites\/10\/2023\/02\/WhatsApp-Image-2023-02-06-at-15.27.51.jpeg 1024w, https:\/\/tsv-auerbach.org\/fussball\/wp-content\/uploads\/sites\/10\/2023\/02\/WhatsApp-Image-2023-02-06-at-15.27.51-300x225.jpeg 300w, https:\/\/tsv-auerbach.org\/fussball\/wp-content\/uploads\/sites\/10\/2023\/02\/WhatsApp-Image-2023-02-06-at-15.27.51-768x576.jpeg 768w, https:\/\/tsv-auerbach.org\/fussball\/wp-content\/uploads\/sites\/10\/2023\/02\/WhatsApp-Image-2023-02-06-at-15.27.51-922x692.jpeg 922w\" sizes=\"auto, (max-width: 1024px) 100vw, 1024px\" \/><\/p>\n<p>&nbsp;<\/p>\n<p>Vielen Dank daf\u00fcr.<\/p>\n<p>&nbsp;<\/p>\n<p>&nbsp;<\/p>\n","protected":false},"excerpt":{"rendered":"<p>Auch Mitglieder der Fu\u00dfballabteilung wurden am Neujahrsempfang der TSV Ende Januar in der gro\u00dfen Turnhalle geehrt. Zun\u00e4chst unsere 1. Seniorenmannschaft f\u00fcr den fulminanten Aufstieg in die Gruppenliga. &nbsp; Geehrt wurden auch Mario Hippler, Cora Rettig, Thomas Herrmann und Markus Semmler f\u00fcr hervorragende ehrenamtliche T\u00e4tigkeit f\u00fcr die Fu\u00dfballabteilung in den letzten Jahren. &nbsp; Vielen Dank daf\u00fcr. &hellip; <\/p>\n<p><a class=\"more-link btn\" href=\"https:\/\/tsv-auerbach.org\/fussball\/2023\/02\/06\/neujahrsempfang\/\">Weiterlesen<\/a><\/p>\n","protected":false},"author":11,"featured_media":0,"comment_status":"open","ping_status":"open","sticky":false,"template":"","format":"standard","meta":{"footnotes":""},"categories":[1],"tags":[],"class_list":["post-4003","post","type-post","status-publish","format-standard","hentry","category-allgemein","nodate","item-wrap"],"_links":{"self":[{"href":"https:\/\/tsv-auerbach.org\/fussball\/wp-json\/wp\/v2\/posts\/4003","targetHints":{"allow":["GET"]}}],"collection":[{"href":"https:\/\/tsv-auerbach.org\/fussball\/wp-json\/wp\/v2\/posts"}],"about":[{"href":"https:\/\/tsv-auerbach.org\/fussball\/wp-json\/wp\/v2\/types\/post"}],"author":[{"embeddable":true,"href":"https:\/\/tsv-auerbach.org\/fussball\/wp-json\/wp\/v2\/users\/11"}],"replies":[{"embeddable":true,"href":"https:\/\/tsv-auerbach.org\/fussball\/wp-json\/wp\/v2\/comments?post=4003"}],"version-history":[{"count":1,"href":"https:\/\/tsv-auerbach.org\/fussball\/wp-json\/wp\/v2\/posts\/4003\/revisions"}],"predecessor-version":[{"id":4006,"href":"https:\/\/tsv-auerbach.org\/fussball\/wp-json\/wp\/v2\/posts\/4003\/revisions\/4006"}],"wp:attachment":[{"href":"https:\/\/tsv-auerbach.org\/fussball\/wp-json\/wp\/v2\/media?parent=4003"}],"wp:term":[{"taxonomy":"category","embeddable":true,"href":"https:\/\/tsv-auerbach.org\/fussball\/wp-json\/wp\/v2\/categories?post=4003"},{"taxonomy":"post_tag","embeddable":true,"href":"https:\/\/tsv-auerbach.org\/fussball\/wp-json\/wp\/v2\/tags?post=4003"}],"curies":[{"name":"wp","href":"https:\/\/api.w.org\/{rel}","templated":true}]}}