{"id":4257,"date":"2025-03-31T09:59:32","date_gmt":"2025-03-31T07:59:32","guid":{"rendered":"https:\/\/tsv-auerbach.org\/fussball\/?p=4257"},"modified":"2025-03-31T10:02:39","modified_gmt":"2025-03-31T08:02:39","slug":"juergen-mueller-zum-tsv-mitglied-des-jahres-ernannt","status":"publish","type":"post","link":"https:\/\/tsv-auerbach.org\/fussball\/2025\/03\/31\/juergen-mueller-zum-tsv-mitglied-des-jahres-ernannt\/","title":{"rendered":"J\u00fcrgen M\u00fcller zum TSV &#8222;Mitglied des Jahres&#8220; ernannt"},"content":{"rendered":"<p>Eigentlich hatte J\u00fcrgen M\u00fcller nicht vor zur Jahresmitgliederversammlung des TSV Gesamtvereins zu kommen. Er sollte aber bei der Versammlung als Mitglied des Jahres geehrt werden. Weil er das aber vorher nicht wissen sollte, musste ich mir etwas einfallen lassen. Recht schnell kam der Gedanke, ein Alkoholverbot auf dem TSV Gel\u00e4nde kann er nicht akzeptieren. Also habe ich ihm erz\u00e4hlt, dass irgendein \u201eVollidiot\u201c einen solchen Antrag beim Pr\u00e4sidium gestellt h\u00e4tte und dass an der Jahresmitgliederversammlung dar\u00fcber abgestimmt wird. Zun\u00e4chst schenke er meinen Worten wenig Glauben und hielt das f\u00fcr einen vorgezogenen Aprilscherz. Letztlich konnte ich ihn aber mit Argumenten wie Jugendschutz usw. \u00fcberzeugen, dass es den Antrag gibt.<\/p>\n<p>Recht schnell ist er dann aktiv geworden, um einige Abteilungsmitglieder zu aktivieren, die unbedingt auch zur Versammlung kommen sollten, um gegen diesen Antrag zu stimmen. Es waren dann tats\u00e4chlich einige Fu\u00dfballer da, die genauso wie er auf diese Finte reingefallen sind. Und h\u00e4tte ich nicht einige Abteilungsmitglieder eingeweiht, w\u00e4ren noch viel mehr Leute darauf reingefallen. \u00a0Es war ein bisschen wie \u201eVerstehen Sie Spa\u00df?\u201c.<\/p>\n<p>J\u00fcrgen ist kein waschechter TSVler. Inzwischen ist er aber ein eingefleischter TSVler nach dem Motto:\u00a0 Wo nicht TSV draufsteht, ist auch nicht TSV drin, oder nur teilweise. Er war nicht begeistert, als wir unseren Juniorenf\u00f6rderverein gegr\u00fcndet haben (das war der Zusammenschluss mit dem FC Alsbach im Jahr 2013 mit den A bis C Junioren). Ebenso war er wenig begeistert von der Spielgemeinschaft mit dem FC07 Bensheim bei der 2. Seniorenmannschaft. Jedes Mal ist der Name TSV Auerbach verschwunden.<\/p>\n<p>Begonnen hat er seine sportliche Laufbahn beim FSC Bensheim. (Inzwischen nach der Fusion mit dem SV Bensheim die FSG Bensheim). Danach zog es ihn zun\u00e4chst zum FC07 Bensheim und dann erst landete er bei der TSV. Es gab dann nochmals ein kurzes Gastspiel in Elmshausen aber seit dem 1.7.2009 ist er ausschlie\u00dflich f\u00fcr die TSV aktiv. Aber nicht nur als Spieler.<\/p>\n<p>Ab Oktober 2013 war er f\u00fcr 10 Jahre Schriftf\u00fchrer des Abteilungsvorstandes.<\/p>\n<p>Seit Jahren k\u00fcmmert er sich als Redakteur um das Fu\u00dfballheft und liefert hier immer wieder wertvolle und interessante Bilder und Beitr\u00e4ge.<\/p>\n<p>Wenn Helfer gesucht werden, ist er in der Regel immer dabei. Auch bei den Flohm\u00e4rkten, die die Fu\u00dfballabteilung seit Jahren ausrichtet.<\/p>\n<p>Als Ende 2021 Franz Smettan die Betreuung unseres Kiosks abgegeben hat, hat mir das zun\u00e4chst gro\u00dfe Bauchschmerzen bereitet. Wer soll diese riesige L\u00fccke schlie\u00dfen, die da entstanden ist, habe ich mich gefragt? Die Antwort lie\u00df nicht lange auf sich warten. Er war wieder zur Stelle und hat die Herausforderung TSV Fu\u00dfballkiosk auf sich genommen. Viele Steine mussten zun\u00e4chst beiseite ger\u00e4umt werden, bis es losgehen konnte:\u00a0 Gewerbeanmeldung, Schankgenehmigung, Hygieneabnahme usw. raubten viel Zeit und Nerven. Aber er hat sich durchgebissen und heute l\u00e4uft alles.<\/p>\n<p>Trotzdem ist es nach wie vor viel Arbeit, die meistens keiner sieht. Auch wenn er durch Michael Wolf, Christian Krauss und seine Frau Yvonne viel Unterst\u00fctzung hat, bleibt immer noch viel an ihm h\u00e4ngen. Die Sonnenschirme m\u00fcssen im Fr\u00fchjahr aufgebaut und im Herbst abgebaut werden. Vor den Spielen m\u00fcssen Tische und B\u00e4nke aufgebaut und sp\u00e4ter wieder abgebaut werden. Er muss immer daf\u00fcr sorgen, dass genug Getr\u00e4nke da sind, W\u00fcrstchen und Wechselgeld usw. usw.<\/p>\n<p>H\u00f6hepunkt im letzten Jahr war die Fu\u00dfballstadtmeisterschaft in der Halle. 4 Tage lang war von morgens bis abends Betrieb in der Geschwister-Scholl-Halle. Und er war wieder jeden Tag dabei und er war jeden Abend der Letzte, der die Halle verlassen hat.<\/p>\n<p>Die TSV Fu\u00dfballabteilung ist sehr froh, dass wir solche engagierten Helfer wie ihn haben und ohne ihn w\u00fcrde uns eine wichtige St\u00fctze fehlen.<\/p>\n<p>J\u00fcrgen M\u00fcller hat den Titel \u201eTSV Mitglied des Jahres\u201c redlich verdient.<\/p>\n<p>Bernd L\u00fctzkendorf\/Abteilungsleiter<\/p>\n<p><img loading=\"lazy\" decoding=\"async\" class=\"alignnone size-medium wp-image-4254\" src=\"https:\/\/tsv-auerbach.org\/fussball\/wp-content\/uploads\/sites\/10\/2025\/03\/Mueller-Mitglied-dJahres-2024-4-300x200.jpg\" alt=\"\" width=\"300\" height=\"200\" srcset=\"https:\/\/tsv-auerbach.org\/fussball\/wp-content\/uploads\/sites\/10\/2025\/03\/Mueller-Mitglied-dJahres-2024-4-300x200.jpg 300w, https:\/\/tsv-auerbach.org\/fussball\/wp-content\/uploads\/sites\/10\/2025\/03\/Mueller-Mitglied-dJahres-2024-4-1024x683.jpg 1024w, https:\/\/tsv-auerbach.org\/fussball\/wp-content\/uploads\/sites\/10\/2025\/03\/Mueller-Mitglied-dJahres-2024-4-768x512.jpg 768w, https:\/\/tsv-auerbach.org\/fussball\/wp-content\/uploads\/sites\/10\/2025\/03\/Mueller-Mitglied-dJahres-2024-4-1536x1024.jpg 1536w, https:\/\/tsv-auerbach.org\/fussball\/wp-content\/uploads\/sites\/10\/2025\/03\/Mueller-Mitglied-dJahres-2024-4-2048x1365.jpg 2048w, https:\/\/tsv-auerbach.org\/fussball\/wp-content\/uploads\/sites\/10\/2025\/03\/Mueller-Mitglied-dJahres-2024-4-922x615.jpg 922w\" sizes=\"auto, (max-width: 300px) 100vw, 300px\" \/> <img loading=\"lazy\" decoding=\"async\" class=\"alignnone size-medium wp-image-4255\" src=\"https:\/\/tsv-auerbach.org\/fussball\/wp-content\/uploads\/sites\/10\/2025\/03\/Mueller-Mitglied-dJahres-2024-5-300x200.jpg\" alt=\"\" width=\"300\" height=\"200\" srcset=\"https:\/\/tsv-auerbach.org\/fussball\/wp-content\/uploads\/sites\/10\/2025\/03\/Mueller-Mitglied-dJahres-2024-5-300x200.jpg 300w, https:\/\/tsv-auerbach.org\/fussball\/wp-content\/uploads\/sites\/10\/2025\/03\/Mueller-Mitglied-dJahres-2024-5-1024x683.jpg 1024w, https:\/\/tsv-auerbach.org\/fussball\/wp-content\/uploads\/sites\/10\/2025\/03\/Mueller-Mitglied-dJahres-2024-5-768x512.jpg 768w, https:\/\/tsv-auerbach.org\/fussball\/wp-content\/uploads\/sites\/10\/2025\/03\/Mueller-Mitglied-dJahres-2024-5-1536x1024.jpg 1536w, https:\/\/tsv-auerbach.org\/fussball\/wp-content\/uploads\/sites\/10\/2025\/03\/Mueller-Mitglied-dJahres-2024-5-2048x1365.jpg 2048w, https:\/\/tsv-auerbach.org\/fussball\/wp-content\/uploads\/sites\/10\/2025\/03\/Mueller-Mitglied-dJahres-2024-5-922x615.jpg 922w\" sizes=\"auto, (max-width: 300px) 100vw, 300px\" \/> <img loading=\"lazy\" decoding=\"async\" class=\"alignnone size-medium wp-image-4256\" src=\"https:\/\/tsv-auerbach.org\/fussball\/wp-content\/uploads\/sites\/10\/2025\/03\/Mueller-Mitglied-dJahres-2024-10-300x200.jpg\" alt=\"\" width=\"300\" height=\"200\" srcset=\"https:\/\/tsv-auerbach.org\/fussball\/wp-content\/uploads\/sites\/10\/2025\/03\/Mueller-Mitglied-dJahres-2024-10-300x200.jpg 300w, https:\/\/tsv-auerbach.org\/fussball\/wp-content\/uploads\/sites\/10\/2025\/03\/Mueller-Mitglied-dJahres-2024-10-1024x683.jpg 1024w, https:\/\/tsv-auerbach.org\/fussball\/wp-content\/uploads\/sites\/10\/2025\/03\/Mueller-Mitglied-dJahres-2024-10-768x512.jpg 768w, https:\/\/tsv-auerbach.org\/fussball\/wp-content\/uploads\/sites\/10\/2025\/03\/Mueller-Mitglied-dJahres-2024-10-1536x1024.jpg 1536w, https:\/\/tsv-auerbach.org\/fussball\/wp-content\/uploads\/sites\/10\/2025\/03\/Mueller-Mitglied-dJahres-2024-10-2048x1365.jpg 2048w, https:\/\/tsv-auerbach.org\/fussball\/wp-content\/uploads\/sites\/10\/2025\/03\/Mueller-Mitglied-dJahres-2024-10-922x615.jpg 922w\" sizes=\"auto, (max-width: 300px) 100vw, 300px\" \/> <img loading=\"lazy\" decoding=\"async\" class=\"alignnone size-medium wp-image-4261\" src=\"https:\/\/tsv-auerbach.org\/fussball\/wp-content\/uploads\/sites\/10\/2025\/03\/Mueller-Mitglied-dJahres-2024-13-300x200.jpg\" alt=\"\" width=\"300\" height=\"200\" srcset=\"https:\/\/tsv-auerbach.org\/fussball\/wp-content\/uploads\/sites\/10\/2025\/03\/Mueller-Mitglied-dJahres-2024-13-300x200.jpg 300w, https:\/\/tsv-auerbach.org\/fussball\/wp-content\/uploads\/sites\/10\/2025\/03\/Mueller-Mitglied-dJahres-2024-13-1024x683.jpg 1024w, https:\/\/tsv-auerbach.org\/fussball\/wp-content\/uploads\/sites\/10\/2025\/03\/Mueller-Mitglied-dJahres-2024-13-768x512.jpg 768w, https:\/\/tsv-auerbach.org\/fussball\/wp-content\/uploads\/sites\/10\/2025\/03\/Mueller-Mitglied-dJahres-2024-13-1536x1024.jpg 1536w, https:\/\/tsv-auerbach.org\/fussball\/wp-content\/uploads\/sites\/10\/2025\/03\/Mueller-Mitglied-dJahres-2024-13-2048x1365.jpg 2048w, https:\/\/tsv-auerbach.org\/fussball\/wp-content\/uploads\/sites\/10\/2025\/03\/Mueller-Mitglied-dJahres-2024-13-922x615.jpg 922w\" sizes=\"auto, (max-width: 300px) 100vw, 300px\" \/><\/p>\n","protected":false},"excerpt":{"rendered":"<p>Eigentlich hatte J\u00fcrgen M\u00fcller nicht vor zur Jahresmitgliederversammlung des TSV Gesamtvereins zu kommen. Er sollte aber bei der Versammlung als Mitglied des Jahres geehrt werden. Weil er das aber vorher nicht wissen sollte, musste ich mir etwas einfallen lassen. Recht schnell kam der Gedanke, ein Alkoholverbot auf dem TSV Gel\u00e4nde kann er nicht akzeptieren. Also &hellip; <\/p>\n<p><a class=\"more-link btn\" href=\"https:\/\/tsv-auerbach.org\/fussball\/2025\/03\/31\/juergen-mueller-zum-tsv-mitglied-des-jahres-ernannt\/\">Weiterlesen<\/a><\/p>\n","protected":false},"author":9,"featured_media":0,"comment_status":"open","ping_status":"open","sticky":false,"template":"","format":"standard","meta":{"footnotes":""},"categories":[1],"tags":[],"class_list":["post-4257","post","type-post","status-publish","format-standard","hentry","category-allgemein","nodate","item-wrap"],"_links":{"self":[{"href":"https:\/\/tsv-auerbach.org\/fussball\/wp-json\/wp\/v2\/posts\/4257","targetHints":{"allow":["GET"]}}],"collection":[{"href":"https:\/\/tsv-auerbach.org\/fussball\/wp-json\/wp\/v2\/posts"}],"about":[{"href":"https:\/\/tsv-auerbach.org\/fussball\/wp-json\/wp\/v2\/types\/post"}],"author":[{"embeddable":true,"href":"https:\/\/tsv-auerbach.org\/fussball\/wp-json\/wp\/v2\/users\/9"}],"replies":[{"embeddable":true,"href":"https:\/\/tsv-auerbach.org\/fussball\/wp-json\/wp\/v2\/comments?post=4257"}],"version-history":[{"count":3,"href":"https:\/\/tsv-auerbach.org\/fussball\/wp-json\/wp\/v2\/posts\/4257\/revisions"}],"predecessor-version":[{"id":4262,"href":"https:\/\/tsv-auerbach.org\/fussball\/wp-json\/wp\/v2\/posts\/4257\/revisions\/4262"}],"wp:attachment":[{"href":"https:\/\/tsv-auerbach.org\/fussball\/wp-json\/wp\/v2\/media?parent=4257"}],"wp:term":[{"taxonomy":"category","embeddable":true,"href":"https:\/\/tsv-auerbach.org\/fussball\/wp-json\/wp\/v2\/categories?post=4257"},{"taxonomy":"post_tag","embeddable":true,"href":"https:\/\/tsv-auerbach.org\/fussball\/wp-json\/wp\/v2\/tags?post=4257"}],"curies":[{"name":"wp","href":"https:\/\/api.w.org\/{rel}","templated":true}]}}