{"id":4326,"date":"2026-04-20T19:01:35","date_gmt":"2026-04-20T17:01:35","guid":{"rendered":"https:\/\/tsv-auerbach.org\/fussball\/?p=4326"},"modified":"2026-04-20T19:01:35","modified_gmt":"2026-04-20T17:01:35","slug":"der-jfv-zeigt-sich-im-pokal","status":"publish","type":"post","link":"https:\/\/tsv-auerbach.org\/fussball\/2026\/04\/20\/der-jfv-zeigt-sich-im-pokal\/","title":{"rendered":"Der JFV zeigt sich im Pokal"},"content":{"rendered":"<section class=\"text-token-text-primary w-full focus:outline-none [--shadow-height:45px] has-data-writing-block:pointer-events-none has-data-writing-block:-mt-(--shadow-height) has-data-writing-block:pt-(--shadow-height) [&amp;:has([data-writing-block])&gt;*]:pointer-events-auto R6Vx5W_threadScrollVars scroll-mb-[calc(var(--scroll-root-safe-area-inset-bottom,0px)+var(--thread-response-height))] scroll-mt-(--header-height)\" dir=\"auto\" data-turn-id=\"d6225b21-94b7-4e1b-86a0-7183492aa062\" data-testid=\"conversation-turn-1\" data-scroll-anchor=\"false\" data-turn=\"user\">\n<div class=\"text-base my-auto mx-auto pt-3 [--thread-content-margin:var(--thread-content-margin-xs,calc(var(--spacing)*4))] @w-sm\/main:[--thread-content-margin:var(--thread-content-margin-sm,calc(var(--spacing)*6))] @w-lg\/main:[--thread-content-margin:var(--thread-content-margin-lg,calc(var(--spacing)*16))] px-(--thread-content-margin)\">\n<div class=\"[--thread-content-max-width:40rem] @w-lg\/main:[--thread-content-max-width:48rem] mx-auto max-w-(--thread-content-max-width) flex-1 group\/turn-messages focus-visible:outline-hidden relative flex w-full min-w-0 flex-col\">\n<div class=\"z-0 flex justify-end\"><\/div>\n<\/div>\n<\/div>\n<\/section>\n<section class=\"text-token-text-primary w-full focus:outline-none [--shadow-height:45px] has-data-writing-block:pointer-events-none has-data-writing-block:-mt-(--shadow-height) has-data-writing-block:pt-(--shadow-height) [&amp;:has([data-writing-block])&gt;*]:pointer-events-auto [content-visibility:auto] supports-[content-visibility:auto]:[contain-intrinsic-size:auto_100lvh] R6Vx5W_threadScrollVars scroll-mb-[calc(var(--scroll-root-safe-area-inset-bottom,0px)+var(--thread-response-height))] scroll-mt-[calc(var(--header-height)+min(200px,max(70px,20svh)))]\" dir=\"auto\" data-turn-id=\"request-WEB:55948e91-364e-4f2f-8abf-bacd4c74b635-0\" data-testid=\"conversation-turn-2\" data-scroll-anchor=\"false\" data-turn=\"assistant\">\n<div class=\"text-base my-auto mx-auto pb-10 [--thread-content-margin:var(--thread-content-margin-xs,calc(var(--spacing)*4))] @w-sm\/main:[--thread-content-margin:var(--thread-content-margin-sm,calc(var(--spacing)*6))] @w-lg\/main:[--thread-content-margin:var(--thread-content-margin-lg,calc(var(--spacing)*16))] px-(--thread-content-margin)\">\n<div class=\"[--thread-content-max-width:40rem] @w-lg\/main:[--thread-content-max-width:48rem] mx-auto max-w-(--thread-content-max-width) flex-1 group\/turn-messages focus-visible:outline-hidden relative flex w-full min-w-0 flex-col agent-turn\">\n<div class=\"flex max-w-full flex-col gap-4 grow\">\n<div class=\"min-h-8 text-message relative flex w-full flex-col items-end gap-2 text-start break-words whitespace-normal outline-none keyboard-focused:focus-ring [.text-message+&amp;]:mt-1\" dir=\"auto\" data-message-author-role=\"assistant\" data-message-id=\"545fbdf4-5b12-4b33-9d6c-33169fe0ee8f\" data-turn-start-message=\"true\" data-message-model-slug=\"gpt-5-3\">\n<div class=\"flex w-full flex-col gap-1 empty:hidden\">\n<div class=\"markdown prose dark:prose-invert w-full wrap-break-word dark markdown-new-styling\">\n<p data-start=\"0\" data-end=\"360\"><strong data-start=\"0\" data-end=\"22\">Donnerstag, 16.04.<\/strong><br data-start=\"22\" data-end=\"25\" \/>Erfolgreicher Auftakt in die Pokal-Halbfinals: Die E1 und die D1 sichern sich jeweils den Einzug ins Finale der ersten Mannschaften. Auch die C3 \u00fcberzeugt im neuen Pokalwettbewerb f\u00fcr untere Mannschaften und erreicht das Finale. Die D2 k\u00e4mpft stark, verliert jedoch ungl\u00fccklich in den Schlussminuten und verpasst den Finaleinzug knapp.<\/p>\n<p data-start=\"362\" data-end=\"544\"><strong data-start=\"362\" data-end=\"381\">Freitag, 17.04.<\/strong><br data-start=\"381\" data-end=\"384\" \/>N\u00e4chster Erfolg: Die C2 gewinnt ihr Halbfinale und steht ebenfalls im Finale der ersten Mannschaften (da die C1 als Hessenligist nicht teilnahmeberechtigt ist).<\/p>\n<p data-start=\"546\" data-end=\"689\" data-is-last-node=\"\" data-is-only-node=\"\"><strong data-start=\"546\" data-end=\"558\">Ausblick<\/strong><br data-start=\"558\" data-end=\"561\" \/>Damit besteht am 1. Mai die Chance, 4 von 5 m\u00f6glichen Pokalen zu gewinnen. Gl\u00fcckwunsch an alle Teams f\u00fcr die starken Leistungen!<\/p>\n<\/div>\n<\/div>\n<\/div>\n<\/div>\n<\/div>\n<\/div>\n<\/section>\n","protected":false},"excerpt":{"rendered":"<p>Donnerstag, 16.04.Erfolgreicher Auftakt in die Pokal-Halbfinals: Die E1 und die D1 sichern sich jeweils den Einzug ins Finale der ersten Mannschaften. Auch die C3 \u00fcberzeugt im neuen Pokalwettbewerb f\u00fcr untere Mannschaften und erreicht das Finale. Die D2 k\u00e4mpft stark, verliert jedoch ungl\u00fccklich in den Schlussminuten und verpasst den Finaleinzug knapp. Freitag, 17.04.N\u00e4chster Erfolg: Die C2 &hellip; <\/p>\n<p><a class=\"more-link btn\" href=\"https:\/\/tsv-auerbach.org\/fussball\/2026\/04\/20\/der-jfv-zeigt-sich-im-pokal\/\">Weiterlesen<\/a><\/p>\n","protected":false},"author":11,"featured_media":0,"comment_status":"open","ping_status":"open","sticky":false,"template":"","format":"standard","meta":{"footnotes":""},"categories":[1],"tags":[],"class_list":["post-4326","post","type-post","status-publish","format-standard","hentry","category-allgemein","nodate","item-wrap"],"_links":{"self":[{"href":"https:\/\/tsv-auerbach.org\/fussball\/wp-json\/wp\/v2\/posts\/4326","targetHints":{"allow":["GET"]}}],"collection":[{"href":"https:\/\/tsv-auerbach.org\/fussball\/wp-json\/wp\/v2\/posts"}],"about":[{"href":"https:\/\/tsv-auerbach.org\/fussball\/wp-json\/wp\/v2\/types\/post"}],"author":[{"embeddable":true,"href":"https:\/\/tsv-auerbach.org\/fussball\/wp-json\/wp\/v2\/users\/11"}],"replies":[{"embeddable":true,"href":"https:\/\/tsv-auerbach.org\/fussball\/wp-json\/wp\/v2\/comments?post=4326"}],"version-history":[{"count":1,"href":"https:\/\/tsv-auerbach.org\/fussball\/wp-json\/wp\/v2\/posts\/4326\/revisions"}],"predecessor-version":[{"id":4327,"href":"https:\/\/tsv-auerbach.org\/fussball\/wp-json\/wp\/v2\/posts\/4326\/revisions\/4327"}],"wp:attachment":[{"href":"https:\/\/tsv-auerbach.org\/fussball\/wp-json\/wp\/v2\/media?parent=4326"}],"wp:term":[{"taxonomy":"category","embeddable":true,"href":"https:\/\/tsv-auerbach.org\/fussball\/wp-json\/wp\/v2\/categories?post=4326"},{"taxonomy":"post_tag","embeddable":true,"href":"https:\/\/tsv-auerbach.org\/fussball\/wp-json\/wp\/v2\/tags?post=4326"}],"curies":[{"name":"wp","href":"https:\/\/api.w.org\/{rel}","templated":true}]}}