{"id":644,"date":"2013-05-29T19:10:15","date_gmt":"2013-05-29T18:10:15","guid":{"rendered":"http:\/\/www.tsv-auerbach-fussball.de\/?p=644"},"modified":"2013-05-29T19:10:15","modified_gmt":"2013-05-29T18:10:15","slug":"fragen-an-stephan-lerch-trainer-1-mannschaft-fc-alsbach-und-peter-mautry-trainer-1-mannschaft-tsv-auerbach-zum-jfv","status":"publish","type":"post","link":"https:\/\/tsv-auerbach.org\/fussball\/2013\/05\/29\/fragen-an-stephan-lerch-trainer-1-mannschaft-fc-alsbach-und-peter-mautry-trainer-1-mannschaft-tsv-auerbach-zum-jfv\/","title":{"rendered":"Fragen an Stephan Lerch (Trainer 1. Mannschaft FC Alsbach) und Peter Mautry (Trainer 1. Mannschaft TSV Auerbach) zum JFV"},"content":{"rendered":"<p><!--[if gte mso 9]&gt;--><\/p>\n<p>  Normal<br \/>\n  0<br \/>\n  21<\/p>\n<p>  MicrosoftInternetExplorer4<\/p>\n<p><!--[if gte mso 10]&gt;--><\/p>\n<p> \/* Style Definitions *\/<br \/>\n table.MsoNormalTable<br \/>\n\t{mso-style-name:&#8220;Normale Tabelle&#8220;;<br \/>\n\tmso-tstyle-rowband-size:0;<br \/>\n\tmso-tstyle-colband-size:0;<br \/>\n\tmso-style-noshow:yes;<br \/>\n\tmso-style-parent:&#8220;&#8220;;<br \/>\n\tmso-padding-alt:0cm 5.4pt 0cm 5.4pt;<br \/>\n\tmso-para-margin:0cm;<br \/>\n\tmso-para-margin-bottom:.0001pt;<br \/>\n\tmso-pagination:widow-orphan;<br \/>\n\tfont-size:10.0pt;<br \/>\n\tfont-family:&#8220;Times New Roman&#8220;;}<\/p>\n<p class=\"MsoPlainText\"><strong><span style=\"font-size: 12pt;font-family: Arial\">Fragen an Stephan Lerch (Trainer 1. Mannschaft FC Alsbach) und Peter Mautry (Trainer 1. Mannschaft TSV Auerbach) zum JFV<\/span><\/strong><\/p>\n<p class=\"MsoPlainText\"><span style=\"font-size: 10.0pt;font-family: Arial;font-weight: normal\">\u00a0<\/span><strong><i><span style=\"font-size: 10pt;font-family: Arial\">1)Wie sehen die Trainer der 1. Senioren Mannschaften den JFV?<\/span><\/i><\/strong><\/p>\n<p class=\"MsoPlainText\"><span style=\"font-size: 10.0pt;font-family: Arial;font-weight: normal\">\u00a0<\/span><i><span style=\"text-decoration: underline\"><span style=\"font-size: 10.0pt;font-family: Arial\">Stephan Lerch:<\/span><\/span><\/i><span style=\"font-size: 10.0pt;font-family: Arial;font-weight: normal\"> Ich bin der Meinung, dass der neue JFV beide Vereine bereichern wird. Das zusammenf\u00fchren von zwei Vereinen und der damit verbundenen B\u00fcndelung von Spielerpotenzial wird sich mittel- bis l\u00e4ngerfristig bezahlt machen. Auch bietet es die M\u00f6glichkeit noch enger und zielstrebiger an das Ausbilden, F\u00f6rdern, Fordern und Weiterentwickeln von Jugendspielern gemeinsam zu arbeiten.<\/span><\/p>\n<p class=\"MsoPlainText\"><i><span style=\"text-decoration: underline\"><span style=\"font-size: 10.0pt;font-family: Arial\">Peter Mautry:<\/span><\/span><\/i><span style=\"font-size: 10.0pt;font-family: Arial;color: black;font-weight: normal\">Gut aufgestellte Mannschaften(auch in der Breite), die leistungsorientiert in entsprechenden Klassen bestehen. Dadurch Vermittlung von Ausbildung und Freude am sp\u00e4teren Senioren Fu\u00dfball.<\/span><\/p>\n<p class=\"MsoPlainText\"><span style=\"font-size: 10.0pt;font-family: Arial;font-weight: normal\">\u00a0<\/span><i><span style=\"font-size: 10.0pt;font-family: Arial\"><strong>2)Wie sieht das Konzept des FC Alsbach\/der TSV Auerbach in der Zukunft aus?<\/strong><\/span><\/i><\/p>\n<p class=\"MsoPlainText\"><strong><i><span style=\"font-size: 10pt;font-family: Arial\">Welche Bedeutung hat der JFV in dem Konzept?<\/span><\/i><\/strong><\/p>\n<p class=\"MsoPlainText\"><span style=\"font-size: 10.0pt;font-family: Arial;font-weight: normal\">\u00a0<\/span><span style=\"text-decoration: underline\"><span style=\"font-size: 10.0pt;font-family: Arial\">Stephan Lerch:<\/span><\/span><span style=\"font-size: 10.0pt;font-family: Arial;font-weight: normal\"> Der Aktivenbereich des FC Alsbach wird die Einf\u00fchrung des JFV durch sein Konzept weiter unterst\u00fctzen, da das Konzept vorsieht, die jungen und motivierten Spieler aus der Region in den n\u00e4chsten Jahren verst\u00e4rkt in die Aktiventeams einzubauen. Die Zukunft aller Vereine liegt in der Nachwuchsarbeit. Der FC Alsbach steht schon seit einigen Jahren f\u00fcr gute Jugendarbeit, doch ist nun die M\u00f6glichkeit gegeben diese Jugendarbeit zusammen mit dem TSV Auerbach auf eine neue \u201eEbene\u201c zu heben und das zuvor beschriebene auch effektiv in die Tat umsetzen zu k\u00f6nnen.<\/span><\/p>\n<p class=\"MsoPlainText\"><span style=\"font-size: 10.0pt;font-family: Arial;font-weight: normal\">\u00a0<\/span><\/p>\n<p class=\"MsoPlainText\"><span style=\"text-decoration: underline\"><span style=\"font-size: 10.0pt;font-family: Arial\">Peter Mautry<\/span><\/span><span style=\"text-decoration: underline\"><span style=\"font-size: 10.0pt;font-family: Arial;font-weight: normal\">: <\/span><\/span><span style=\"font-size: 10.0pt;font-family: Arial;color: black;font-weight: normal\">Weiterentwicklung 1+2 M\u00e4nnermannschaft. Erste M\u00e4nnermannschaft Richtung Kreis Oberliga f\u00fchren. Ernst zunehmender Unterbau f\u00fcr die Zukunft.<\/span><\/p>\n<p class=\"MsoPlainText\"><span style=\"font-size: 10.0pt;font-family: Arial;font-weight: normal\">\u00a0<\/span><\/p>\n<p class=\"MsoPlainText\"><strong><i><span style=\"font-size: 10pt;font-family: Arial\">3) Was w\u00fcnscht\/erwartet der Trainer und Spielausschuss vom JFV?<\/span><\/i><\/strong><\/p>\n<p class=\"MsoPlainText\"><span style=\"font-size: 10.0pt;font-family: Arial;font-weight: normal\">\u00a0<\/span><\/p>\n<p class=\"MsoPlainText\"><span style=\"text-decoration: underline\"><span style=\"font-size: 10.0pt;font-family: Arial\">Stephan Lerch:<\/span><\/span><span style=\"font-size: 10.0pt;font-family: Arial;font-weight: normal\"> Ich w\u00fcrde mir w\u00fcnschen, dass wir in den n\u00e4chsten Jahren m\u00f6glichst viele junge A-Jugendspieler in den Aktivenbereich integrieren k\u00f6nnen. Das beinhaltet aber auch eine gewisse Verantwortung und Verpflichtung f\u00fcr die Aktiventeams und deren verantwortlichen. Sie m\u00fcssen stets den jungen Spielern eine Perspektive bieten und diese auch aufzeigen und aufrecht erhalten k\u00f6nnen. <\/span><\/p>\n<p class=\"MsoPlainText\"><span style=\"font-size: 10.0pt;font-family: Arial;font-weight: normal\">\u00a0<\/span><\/p>\n<p class=\"MsoPlainText\"><span style=\"text-decoration: underline\"><span style=\"font-size: 10.0pt;font-family: Arial\">Peter Mautry<\/span><\/span><span style=\"text-decoration: underline\"><span style=\"font-size: 10.0pt;font-family: Arial;font-weight: normal\">:<\/span><\/span><span style=\"font-size: 10.0pt;font-family: Arial;color: black;font-weight: normal\">Ab A-Junioren offene, klare Absprachen mit Trainern und Spielausschuss \u00fcber weiteren Weg der Spieler.<\/span><\/p>\n<p class=\"MsoPlainText\"><span style=\"font-size: 10.0pt;font-family: Arial;font-weight: normal\">\u00a0<\/span><\/p>\n<p class=\"MsoPlainText\"><strong><i><span style=\"font-size: 10pt;font-family: Arial\">4) In welcher Form k\u00f6nnte er sich vorstellen sich aktiv einzubringen?<\/span><\/i><\/strong><\/p>\n<p class=\"MsoPlainText\"><span style=\"font-size: 10.0pt;font-family: Arial;font-weight: normal\">\u00a0<\/span><\/p>\n<p class=\"MsoPlainText\"><span style=\"text-decoration: underline\"><span style=\"font-size: 10.0pt;font-family: Arial\">Stephan Lerch<\/span><\/span><span style=\"text-decoration: underline\"><span style=\"font-size: 10.0pt;font-family: Arial;font-weight: normal\">:<\/span><\/span><span style=\"font-size: 10.0pt;font-family: Arial;font-weight: normal\"> Meine Kenntnisse und Erfahrungen als Regionalauswahltrainer der Region Darmstadt, w\u00e4hrend meiner Ausbildung bei den Lizenzstufen und meiner Lehrerausbildung m\u00f6chte ich gerne beim JFV einbringen und k\u00f6nnte mir unter anderem F\u00f6rdertrainingseinheiten in unterschiedlichen Altersklassen vorstellen, sowie das Erstellen von individuellen Trainingspl\u00e4nen und\/oder Hausaufgabenbetreuung. Sicherlich k\u00f6nnte man diverse Trainerseminare durchf\u00fchren um die Qualit\u00e4t der Ausbildung zu sichern.<\/span><\/p>\n<p class=\"MsoPlainText\"><span style=\"font-size: 10.0pt;font-family: Arial;font-weight: normal\">\u00a0<\/span><\/p>\n<p class=\"MsoPlainText\"><span style=\"text-decoration: underline\"><span style=\"font-size: 10.0pt;font-family: Arial\">Peter Mautry<\/span><\/span><span style=\"text-decoration: underline\"><span style=\"font-size: 10.0pt;font-family: Arial;font-weight: normal\">: <\/span><\/span><span style=\"font-size: 10.0pt;font-family: Arial;color: black;font-weight: normal\">Nach wie vor Besuch der Trainingseinheiten und Spiele. Die Jungs sind mir wichtig. Wir sind Ausbildungsverein<\/span><\/p>\n<p class=\"MsoPlainText\"><span style=\"font-size: 10.0pt;font-family: Arial;font-weight: normal\">\u00a0<\/span><\/p>\n<p class=\"MsoPlainText\"><strong><span style=\"font-size: 10pt;font-family: Arial\">5) Wie k\u00f6nnte der \u00dcbergang von der Jugend in den aktiven Bereich aussehen?<\/span><\/strong><\/p>\n<p class=\"MsoPlainText\"><strong><span style=\"font-size: 10pt;font-family: Arial\">\u00a0<\/span><\/strong><span style=\"text-decoration: underline\"><span style=\"font-size: 10.0pt;font-family: Arial\">Stephan Lerch<\/span><\/span><span style=\"text-decoration: underline\"><span style=\"font-size: 10.0pt;font-family: Arial;font-weight: normal\">:<\/span><\/span><span style=\"font-size: 10.0pt;font-family: Arial;font-weight: normal\"> Um einen guten und erfolgreichen \u00dcbergang in den Aktivenbereich sicherzustellen, werden im ersten Saisonhalbjahr einige Trainingseinheiten mit den Trainer der Aktivenmannschaften in der A-Jugendmannschaft durchgef\u00fchrt. Im zweiten Saisonhalbjahr werden die \u00e4lteren Jahrg\u00e4nge dann in den Trainingsbetrieb der Aktiventeams integriert und anschlie\u00dfend zusammen mit dem Spieler die Perspektiven besprochen.<\/span><\/p>\n<p class=\"MsoNormal\" style=\"margin-bottom: .0001pt;line-height: normal\"><span style=\"text-decoration: underline\"><span style=\"font-size: 10.0pt;font-family: Arial\"><span style=\"text-decoration: none\">\u00a0<\/span><\/span><\/span><\/p>\n<p class=\"MsoNormal\" style=\"margin-bottom: .0001pt;line-height: normal\"><b><span style=\"text-decoration: underline\"><span style=\"font-size: 10.0pt;font-family: Arial\">Peter Mautry<\/span><\/span><\/b><span style=\"text-decoration: underline\"><span style=\"font-size: 10.0pt;font-family: Arial\">:<span>\u00a0 <\/span><\/span><\/span><span style=\"font-size: 10.0pt;font-family: Arial;color: black\">Ab A-Junioren eine Wocheneinheit bei Senioren mittrainieren. Gelegentlicher Einsatz Senioren. Punktuell, positionsbezogen.<\/span><\/p>\n","protected":false},"excerpt":{"rendered":"<p>Normal 0 21 MicrosoftInternetExplorer4 \/* Style Definitions *\/ table.MsoNormalTable {mso-style-name:&#8220;Normale Tabelle&#8220;; mso-tstyle-rowband-size:0; mso-tstyle-colband-size:0; mso-style-noshow:yes; mso-style-parent:&#8220;&#8220;; mso-padding-alt:0cm 5.4pt 0cm 5.4pt; mso-para-margin:0cm; mso-para-margin-bottom:.0001pt; mso-pagination:widow-orphan; font-size:10.0pt; font-family:&#8220;Times New Roman&#8220;;} Fragen an Stephan Lerch (Trainer 1. Mannschaft FC Alsbach) und Peter Mautry (Trainer 1. Mannschaft TSV Auerbach) zum JFV \u00a01)Wie sehen die Trainer der 1. Senioren Mannschaften den JFV? &hellip; <\/p>\n<p><a class=\"more-link btn\" href=\"https:\/\/tsv-auerbach.org\/fussball\/2013\/05\/29\/fragen-an-stephan-lerch-trainer-1-mannschaft-fc-alsbach-und-peter-mautry-trainer-1-mannschaft-tsv-auerbach-zum-jfv\/\">Weiterlesen<\/a><\/p>\n","protected":false},"author":9,"featured_media":0,"comment_status":"open","ping_status":"open","sticky":false,"template":"","format":"standard","meta":{"footnotes":""},"categories":[25],"tags":[],"class_list":["post-644","post","type-post","status-publish","format-standard","hentry","category-juniorenforderverein","nodate","item-wrap"],"_links":{"self":[{"href":"https:\/\/tsv-auerbach.org\/fussball\/wp-json\/wp\/v2\/posts\/644","targetHints":{"allow":["GET"]}}],"collection":[{"href":"https:\/\/tsv-auerbach.org\/fussball\/wp-json\/wp\/v2\/posts"}],"about":[{"href":"https:\/\/tsv-auerbach.org\/fussball\/wp-json\/wp\/v2\/types\/post"}],"author":[{"embeddable":true,"href":"https:\/\/tsv-auerbach.org\/fussball\/wp-json\/wp\/v2\/users\/9"}],"replies":[{"embeddable":true,"href":"https:\/\/tsv-auerbach.org\/fussball\/wp-json\/wp\/v2\/comments?post=644"}],"version-history":[{"count":0,"href":"https:\/\/tsv-auerbach.org\/fussball\/wp-json\/wp\/v2\/posts\/644\/revisions"}],"wp:attachment":[{"href":"https:\/\/tsv-auerbach.org\/fussball\/wp-json\/wp\/v2\/media?parent=644"}],"wp:term":[{"taxonomy":"category","embeddable":true,"href":"https:\/\/tsv-auerbach.org\/fussball\/wp-json\/wp\/v2\/categories?post=644"},{"taxonomy":"post_tag","embeddable":true,"href":"https:\/\/tsv-auerbach.org\/fussball\/wp-json\/wp\/v2\/tags?post=644"}],"curies":[{"name":"wp","href":"https:\/\/api.w.org\/{rel}","templated":true}]}}