{"id":715,"date":"2013-06-28T11:31:31","date_gmt":"2013-06-28T10:31:31","guid":{"rendered":"http:\/\/www.tsv-auerbach-fussball.de\/?p=715"},"modified":"2013-06-28T11:31:31","modified_gmt":"2013-06-28T10:31:31","slug":"jugendtorwarttrainingsgruppe","status":"publish","type":"post","link":"https:\/\/tsv-auerbach.org\/fussball\/2013\/06\/28\/jugendtorwarttrainingsgruppe\/","title":{"rendered":"Jugendtorwarttrainingsgruppe"},"content":{"rendered":"<p>F\u00fcr alle Juniorentorh\u00fcter, die an einem gezielten Torwarttraining interessiert sind:<\/p>\n<p>Erstes Treffen der Jugenttorwarttrainingsgruppe f\u00fcr die neue Saison: Dienstag, 13. August, 17:30 Uhr, Sportplatz TSV Auerbach<\/p>\n<p>Auf Grund der gro\u00dfen Nachfrage ist geplant, in der neuen Saison an zwei unterschiedlichen Tagen, in altersgerechten Gruppen( B-und C-Jugend\/ D-und E-Jugend) zu trainieren.<\/p>\n<p>Torwarttrainer: Calvin Konietzka Tel: 06251-64027 \u00a0 mobil: 0151-68109546<\/p>\n","protected":false},"excerpt":{"rendered":"<p>F\u00fcr alle Juniorentorh\u00fcter, die an einem gezielten Torwarttraining interessiert sind: Erstes Treffen der Jugenttorwarttrainingsgruppe f\u00fcr die neue Saison: Dienstag, 13. August, 17:30 Uhr, Sportplatz TSV Auerbach Auf Grund der gro\u00dfen Nachfrage ist geplant, in der neuen Saison an zwei unterschiedlichen Tagen, in altersgerechten Gruppen( B-und C-Jugend\/ D-und E-Jugend) zu trainieren. Torwarttrainer: Calvin Konietzka Tel: 06251-64027 &hellip; <\/p>\n<p><a class=\"more-link btn\" href=\"https:\/\/tsv-auerbach.org\/fussball\/2013\/06\/28\/jugendtorwarttrainingsgruppe\/\">Weiterlesen<\/a><\/p>\n","protected":false},"author":9,"featured_media":0,"comment_status":"open","ping_status":"open","sticky":false,"template":"","format":"standard","meta":{"footnotes":""},"categories":[1],"tags":[],"class_list":["post-715","post","type-post","status-publish","format-standard","hentry","category-allgemein","nodate","item-wrap"],"_links":{"self":[{"href":"https:\/\/tsv-auerbach.org\/fussball\/wp-json\/wp\/v2\/posts\/715","targetHints":{"allow":["GET"]}}],"collection":[{"href":"https:\/\/tsv-auerbach.org\/fussball\/wp-json\/wp\/v2\/posts"}],"about":[{"href":"https:\/\/tsv-auerbach.org\/fussball\/wp-json\/wp\/v2\/types\/post"}],"author":[{"embeddable":true,"href":"https:\/\/tsv-auerbach.org\/fussball\/wp-json\/wp\/v2\/users\/9"}],"replies":[{"embeddable":true,"href":"https:\/\/tsv-auerbach.org\/fussball\/wp-json\/wp\/v2\/comments?post=715"}],"version-history":[{"count":0,"href":"https:\/\/tsv-auerbach.org\/fussball\/wp-json\/wp\/v2\/posts\/715\/revisions"}],"wp:attachment":[{"href":"https:\/\/tsv-auerbach.org\/fussball\/wp-json\/wp\/v2\/media?parent=715"}],"wp:term":[{"taxonomy":"category","embeddable":true,"href":"https:\/\/tsv-auerbach.org\/fussball\/wp-json\/wp\/v2\/categories?post=715"},{"taxonomy":"post_tag","embeddable":true,"href":"https:\/\/tsv-auerbach.org\/fussball\/wp-json\/wp\/v2\/tags?post=715"}],"curies":[{"name":"wp","href":"https:\/\/api.w.org\/{rel}","templated":true}]}}